{"id":657,"date":"2023-10-30T13:22:59","date_gmt":"2023-10-30T17:22:59","guid":{"rendered":"http:\/\/web03.tifm.gob.ve\/?p=657"},"modified":"2024-02-23T12:16:13","modified_gmt":"2024-02-23T16:16:13","slug":"657","status":"publish","type":"post","link":"https:\/\/www.tifm.gob.ve\/?p=657","title":{"rendered":"los Manglares Marinos&#8230;"},"content":{"rendered":"\n<div class=\"wp-block-columns is-layout-flex wp-container-core-columns-is-layout-9d6595d7 wp-block-columns-is-layout-flex\">\n<div class=\"wp-block-column is-layout-flow wp-block-column-is-layout-flow\">\n<p style=\"text-align: justify;\">A pesar de la gran importancia del ecosistema manglar, este est\u00e1 desapareciendo, las estimaciones actuales indican que la cobertura de los bosques marinos ha reducido m\u00e1s de la mitad en los \u00faltimos 40 a\u00f1os.<br \/><br \/>No podemos permitirnos perderlos, ya que son vitales tanto para los seres humanos, como para miles de especies que habitan en ellos, por lo que es necesario conocer su importancia y tomar decisiones sostenibles que ayuden a la preservaci\u00f3n de nuestros Manglares.<br \/><br \/>\u00a1Prot\u00e9gelos!<br \/><br \/>Los Roques somos todos.<br \/><br \/>Territorio Insular Francisco de Miranda.<br \/><br \/><a href=\"https:\/\/www.instagram.com\/explore\/tags\/losroques\/\">#losroques<\/a> <a href=\"https:\/\/www.instagram.com\/explore\/tags\/losroquesvzla\/\">#losroquesvzla<\/a> <a href=\"https:\/\/www.instagram.com\/explore\/tags\/territorioinsular\/\">#territorioinsular<\/a><\/p>\n<\/div>\n\n\n\n<div class=\"wp-block-column is-layout-flow wp-block-column-is-layout-flow\">\n<figure class=\"wp-block-image size-full\"><img loading=\"lazy\" decoding=\"async\" width=\"318\" height=\"566\" src=\"http:\/\/web03.tifm.gob.ve\/wp-content\/uploads\/2023\/10\/Screenshot-2023-10-30-at-13-25-22-Territorio-Insular-Francisco-de-Miranda-@insularmiranda-\u2022-Fotos-y-videos-de-Instagram.png\" alt=\"\" class=\"wp-image-662\" srcset=\"https:\/\/www.tifm.gob.ve\/\/wp-content\/uploads\/2023\/10\/Screenshot-2023-10-30-at-13-25-22-Territorio-Insular-Francisco-de-Miranda-@insularmiranda-\u2022-Fotos-y-videos-de-Instagram.png 318w, https:\/\/www.tifm.gob.ve\/\/wp-content\/uploads\/2023\/10\/Screenshot-2023-10-30-at-13-25-22-Territorio-Insular-Francisco-de-Miranda-@insularmiranda-\u2022-Fotos-y-videos-de-Instagram-169x300.png 169w\" sizes=\"auto, (max-width: 318px) 100vw, 318px\" \/><\/figure>\n<\/div>\n<\/div>\n","protected":false},"excerpt":{"rendered":"<p>A pesar de la gran importancia del ecosistema manglar, este est\u00e1 desapareciendo, las estimaciones actuales indican que la cobertura de los bosques marinos ha reducido m\u00e1s de la mitad en los \u00faltimos 40 a\u00f1os. No podemos permitirnos perderlos, ya que son vitales tanto para los seres humanos, como para miles de especies que habitan en [&hellip;]<\/p>\n","protected":false},"author":1,"featured_media":662,"comment_status":"open","ping_status":"open","sticky":false,"template":"","format":"standard","meta":{"footnotes":""},"categories":[8],"tags":[],"class_list":["post-657","post","type-post","status-publish","format-standard","has-post-thumbnail","hentry","category-sabias-que"],"_links":{"self":[{"href":"https:\/\/www.tifm.gob.ve\/index.php?rest_route=\/wp\/v2\/posts\/657","targetHints":{"allow":["GET"]}}],"collection":[{"href":"https:\/\/www.tifm.gob.ve\/index.php?rest_route=\/wp\/v2\/posts"}],"about":[{"href":"https:\/\/www.tifm.gob.ve\/index.php?rest_route=\/wp\/v2\/types\/post"}],"author":[{"embeddable":true,"href":"https:\/\/www.tifm.gob.ve\/index.php?rest_route=\/wp\/v2\/users\/1"}],"replies":[{"embeddable":true,"href":"https:\/\/www.tifm.gob.ve\/index.php?rest_route=%2Fwp%2Fv2%2Fcomments&post=657"}],"version-history":[{"count":8,"href":"https:\/\/www.tifm.gob.ve\/index.php?rest_route=\/wp\/v2\/posts\/657\/revisions"}],"predecessor-version":[{"id":1933,"href":"https:\/\/www.tifm.gob.ve\/index.php?rest_route=\/wp\/v2\/posts\/657\/revisions\/1933"}],"wp:featuredmedia":[{"embeddable":true,"href":"https:\/\/www.tifm.gob.ve\/index.php?rest_route=\/wp\/v2\/media\/662"}],"wp:attachment":[{"href":"https:\/\/www.tifm.gob.ve\/index.php?rest_route=%2Fwp%2Fv2%2Fmedia&parent=657"}],"wp:term":[{"taxonomy":"category","embeddable":true,"href":"https:\/\/www.tifm.gob.ve\/index.php?rest_route=%2Fwp%2Fv2%2Fcategories&post=657"},{"taxonomy":"post_tag","embeddable":true,"href":"https:\/\/www.tifm.gob.ve\/index.php?rest_route=%2Fwp%2Fv2%2Ftags&post=657"}],"curies":[{"name":"wp","href":"https:\/\/api.w.org\/{rel}","templated":true}]}}