{"id":5080,"date":"2026-03-16T15:39:50","date_gmt":"2026-03-16T19:39:50","guid":{"rendered":"https:\/\/www.tifm.gob.ve\/?p=5080"},"modified":"2026-03-16T15:39:50","modified_gmt":"2026-03-16T19:39:50","slug":"tifm-impulsa-jornada-de-atencion-medica-especializada-en-traumatologia","status":"publish","type":"post","link":"https:\/\/www.tifm.gob.ve\/?p=5080","title":{"rendered":"TIFM impulsa jornada de atenci\u00f3n m\u00e9dica especializada en traumatolog\u00eda"},"content":{"rendered":"\n<p style=\"text-align: justify;\">En el marco de las pol\u00edticas de bienestar y atenci\u00f3n integral dirigidas al talento humano, el Territorio Insular Francisco de Miranda a trav\u00e9s de la Secretar\u00eda de Salud, desarroll\u00f3 en la sede institucional de Caracas una jornada de atenci\u00f3n m\u00e9dica especializada en el \u00e1rea de traumatolog\u00eda.\u00a0\u00a0<\/p>\n<p style=\"text-align: justify;\">La iniciativa tuvo como prop\u00f3sito ofrecer evaluaci\u00f3n, orientaci\u00f3n y seguimiento m\u00e9dico a trabajadores y trabajadoras con afecciones musculoesquel\u00e9ticas derivadas de sus labores cotidianas o de otras condiciones de salud, fortaleciendo as\u00ed la salud ocupacional y la calidad de vida del personal.\u00a0\u00a0<\/p>\n<p style=\"text-align: justify;\">La jornada cont\u00f3 con la participaci\u00f3n del Dr. H\u00e9ctor Flores, especialista en traumatolog\u00eda y ortopedia, quien brind\u00f3 consultas m\u00e9dicas orientadas al diagn\u00f3stico, manejo y prevenci\u00f3n de lesiones del sistema osteomuscular. Durante la actividad se realizaron valoraciones cl\u00ednicas, recomendaciones terap\u00e9uticas y orientaci\u00f3n preventiva, permitiendo identificar oportunamente diversas condiciones relacionadas con articulaciones, columna vertebral, m\u00fasculos y estructuras \u00f3seas.\u00a0\u00a0<\/p>\n<p style=\"text-align: justify;\">La traumatolog\u00eda, rama de la medicina dedicada al diagn\u00f3stico y tratamiento de lesiones del sistema musculoesquel\u00e9tico, fue el eje central de esta jornada que abord\u00f3 desde fracturas y lesiones articulares hasta patolog\u00edas degenerativas que afectan la movilidad y funcionalidad de las personas.\u00a0\u00a0<\/p>\n<p style=\"text-align: justify;\">Con estas acciones, el Territorio Insular Francisco de Miranda reafirma su compromiso con la protecci\u00f3n de la salud y el bienestar de sus trabajadores y trabajadoras, promoviendo espacios de atenci\u00f3n m\u00e9dica especializada que contribuyen a la prevenci\u00f3n de enfermedades, la detecci\u00f3n temprana de patolog\u00edas y el fortalecimiento de las condiciones laborales del personal.<\/p>\n\n\n\n\n\n\n\n\n\n<figure class=\"wp-block-gallery has-nested-images columns-default is-cropped wp-block-gallery-1 is-layout-flex wp-block-gallery-is-layout-flex\">\n<figure class=\"wp-block-image size-large\"><img loading=\"lazy\" decoding=\"async\" width=\"1280\" height=\"960\" data-id=\"5082\" src=\"https:\/\/www.tifm.gob.ve\/\/wp-content\/uploads\/2026\/03\/182745.jpg\" alt=\"\" class=\"wp-image-5082\" srcset=\"https:\/\/www.tifm.gob.ve\/\/wp-content\/uploads\/2026\/03\/182745.jpg 1280w, https:\/\/www.tifm.gob.ve\/\/wp-content\/uploads\/2026\/03\/182745-300x225.jpg 300w, https:\/\/www.tifm.gob.ve\/\/wp-content\/uploads\/2026\/03\/182745-768x576.jpg 768w\" sizes=\"auto, (max-width: 1280px) 100vw, 1280px\" \/><\/figure>\n\n\n\n<figure class=\"wp-block-image size-large\"><img loading=\"lazy\" decoding=\"async\" width=\"1280\" height=\"960\" data-id=\"5083\" src=\"https:\/\/www.tifm.gob.ve\/\/wp-content\/uploads\/2026\/03\/182748.jpg\" alt=\"\" class=\"wp-image-5083\" srcset=\"https:\/\/www.tifm.gob.ve\/\/wp-content\/uploads\/2026\/03\/182748.jpg 1280w, https:\/\/www.tifm.gob.ve\/\/wp-content\/uploads\/2026\/03\/182748-300x225.jpg 300w, https:\/\/www.tifm.gob.ve\/\/wp-content\/uploads\/2026\/03\/182748-768x576.jpg 768w\" sizes=\"auto, (max-width: 1280px) 100vw, 1280px\" \/><\/figure>\n\n\n\n<figure class=\"wp-block-image size-large\"><img loading=\"lazy\" decoding=\"async\" width=\"1280\" height=\"960\" data-id=\"5084\" src=\"https:\/\/www.tifm.gob.ve\/\/wp-content\/uploads\/2026\/03\/182747.jpg\" alt=\"\" class=\"wp-image-5084\" srcset=\"https:\/\/www.tifm.gob.ve\/\/wp-content\/uploads\/2026\/03\/182747.jpg 1280w, https:\/\/www.tifm.gob.ve\/\/wp-content\/uploads\/2026\/03\/182747-300x225.jpg 300w, https:\/\/www.tifm.gob.ve\/\/wp-content\/uploads\/2026\/03\/182747-768x576.jpg 768w\" sizes=\"auto, (max-width: 1280px) 100vw, 1280px\" \/><\/figure>\n<\/figure>\n\n\n","protected":false},"excerpt":{"rendered":"<p>En el marco de las pol\u00edticas de bienestar y atenci\u00f3n integral dirigidas al talento humano, el Territorio Insular Francisco de Miranda a trav\u00e9s de la Secretar\u00eda de Salud, desarroll\u00f3 en la sede institucional de Caracas una jornada de atenci\u00f3n m\u00e9dica especializada en el \u00e1rea de traumatolog\u00eda.\u00a0\u00a0 La iniciativa tuvo como prop\u00f3sito ofrecer evaluaci\u00f3n, orientaci\u00f3n y [&hellip;]<\/p>\n","protected":false},"author":7,"featured_media":5081,"comment_status":"open","ping_status":"open","sticky":false,"template":"","format":"standard","meta":{"footnotes":""},"categories":[6,1],"tags":[],"class_list":["post-5080","post","type-post","status-publish","format-standard","has-post-thumbnail","hentry","category-salud","category-tifm"],"_links":{"self":[{"href":"https:\/\/www.tifm.gob.ve\/index.php?rest_route=\/wp\/v2\/posts\/5080","targetHints":{"allow":["GET"]}}],"collection":[{"href":"https:\/\/www.tifm.gob.ve\/index.php?rest_route=\/wp\/v2\/posts"}],"about":[{"href":"https:\/\/www.tifm.gob.ve\/index.php?rest_route=\/wp\/v2\/types\/post"}],"author":[{"embeddable":true,"href":"https:\/\/www.tifm.gob.ve\/index.php?rest_route=\/wp\/v2\/users\/7"}],"replies":[{"embeddable":true,"href":"https:\/\/www.tifm.gob.ve\/index.php?rest_route=%2Fwp%2Fv2%2Fcomments&post=5080"}],"version-history":[{"count":1,"href":"https:\/\/www.tifm.gob.ve\/index.php?rest_route=\/wp\/v2\/posts\/5080\/revisions"}],"predecessor-version":[{"id":5085,"href":"https:\/\/www.tifm.gob.ve\/index.php?rest_route=\/wp\/v2\/posts\/5080\/revisions\/5085"}],"wp:featuredmedia":[{"embeddable":true,"href":"https:\/\/www.tifm.gob.ve\/index.php?rest_route=\/wp\/v2\/media\/5081"}],"wp:attachment":[{"href":"https:\/\/www.tifm.gob.ve\/index.php?rest_route=%2Fwp%2Fv2%2Fmedia&parent=5080"}],"wp:term":[{"taxonomy":"category","embeddable":true,"href":"https:\/\/www.tifm.gob.ve\/index.php?rest_route=%2Fwp%2Fv2%2Fcategories&post=5080"},{"taxonomy":"post_tag","embeddable":true,"href":"https:\/\/www.tifm.gob.ve\/index.php?rest_route=%2Fwp%2Fv2%2Ftags&post=5080"}],"curies":[{"name":"wp","href":"https:\/\/api.w.org\/{rel}","templated":true}]}}