{"id":5071,"date":"2026-03-10T13:59:04","date_gmt":"2026-03-10T17:59:04","guid":{"rendered":"https:\/\/www.tifm.gob.ve\/?p=5071"},"modified":"2026-03-10T13:59:04","modified_gmt":"2026-03-10T17:59:04","slug":"tifm-inicia-plan-de-vacunacion-para-todo-su-personal","status":"publish","type":"post","link":"https:\/\/www.tifm.gob.ve\/?p=5071","title":{"rendered":"TIFM inicia Plan de Vacunaci\u00f3n para todo su personal"},"content":{"rendered":"\n<p style=\"text-align: justify;\">El Jefe de Gobierno del Territorio Insular Francisco de Miranda (TIFM), Vicealmirante An\u00edbal Coronado Mill\u00e1n, a trav\u00e9s de la Secretar\u00eda de Salud, brind\u00f3 atenci\u00f3n m\u00e9dica a todo el personal de la sede administrativa, a trav\u00e9s de una Jornada de Vacunaci\u00f3n.<\/p>\n<p style=\"text-align: justify;\">Esta iniciativa forma parte de las pol\u00edticas de protecci\u00f3n social y salud integral dirigidas a los trabajadores de la instituci\u00f3n, con el objetivo de garantizar esquemas de inmunizaci\u00f3n actualizados y prevenir enfermedades de riesgo.<\/p>\n<p style=\"text-align: justify;\">La jornada se llev\u00f3 a cabo este martes, 10 de marzo, y cont\u00f3 con la disponibilidad de inmunizaciones de Fiebre Amarilla y Toxoide (Antitet\u00e1nico).<\/p>\n<p style=\"text-align: justify;\">El Gobierno del Territorio Insular exhorta a todo el personal administrativo a asistir puntualmente para fortalecer la prevenci\u00f3n epidemiol\u00f3gica dentro de sus espacios laborales.<\/p>\n<p>\u00a0<\/p>\n\n\n\n<figure class=\"wp-block-gallery has-nested-images columns-default is-cropped wp-block-gallery-1 is-layout-flex wp-block-gallery-is-layout-flex\">\n<figure class=\"wp-block-image size-large\"><img loading=\"lazy\" decoding=\"async\" width=\"2560\" height=\"1920\" data-id=\"5076\" src=\"https:\/\/www.tifm.gob.ve\/\/wp-content\/uploads\/2026\/03\/1000323954.jpg\" alt=\"\" class=\"wp-image-5076\" srcset=\"https:\/\/www.tifm.gob.ve\/\/wp-content\/uploads\/2026\/03\/1000323954.jpg 2560w, https:\/\/www.tifm.gob.ve\/\/wp-content\/uploads\/2026\/03\/1000323954-300x225.jpg 300w, https:\/\/www.tifm.gob.ve\/\/wp-content\/uploads\/2026\/03\/1000323954-768x576.jpg 768w, https:\/\/www.tifm.gob.ve\/\/wp-content\/uploads\/2026\/03\/1000323954-1536x1152.jpg 1536w, https:\/\/www.tifm.gob.ve\/\/wp-content\/uploads\/2026\/03\/1000323954-2048x1536.jpg 2048w\" sizes=\"auto, (max-width: 2560px) 100vw, 2560px\" \/><\/figure>\n\n\n\n<figure class=\"wp-block-image size-large\"><img loading=\"lazy\" decoding=\"async\" width=\"2560\" height=\"1920\" data-id=\"5078\" src=\"https:\/\/www.tifm.gob.ve\/\/wp-content\/uploads\/2026\/03\/1000323955.jpg\" alt=\"\" class=\"wp-image-5078\" srcset=\"https:\/\/www.tifm.gob.ve\/\/wp-content\/uploads\/2026\/03\/1000323955.jpg 2560w, https:\/\/www.tifm.gob.ve\/\/wp-content\/uploads\/2026\/03\/1000323955-300x225.jpg 300w, https:\/\/www.tifm.gob.ve\/\/wp-content\/uploads\/2026\/03\/1000323955-768x576.jpg 768w, https:\/\/www.tifm.gob.ve\/\/wp-content\/uploads\/2026\/03\/1000323955-1536x1152.jpg 1536w, https:\/\/www.tifm.gob.ve\/\/wp-content\/uploads\/2026\/03\/1000323955-2048x1536.jpg 2048w\" sizes=\"auto, (max-width: 2560px) 100vw, 2560px\" \/><\/figure>\n\n\n\n<figure class=\"wp-block-image size-large\"><img loading=\"lazy\" decoding=\"async\" width=\"2560\" height=\"1920\" data-id=\"5077\" src=\"https:\/\/www.tifm.gob.ve\/\/wp-content\/uploads\/2026\/03\/1000323956.jpg\" alt=\"\" class=\"wp-image-5077\" srcset=\"https:\/\/www.tifm.gob.ve\/\/wp-content\/uploads\/2026\/03\/1000323956.jpg 2560w, https:\/\/www.tifm.gob.ve\/\/wp-content\/uploads\/2026\/03\/1000323956-300x225.jpg 300w, https:\/\/www.tifm.gob.ve\/\/wp-content\/uploads\/2026\/03\/1000323956-768x576.jpg 768w, https:\/\/www.tifm.gob.ve\/\/wp-content\/uploads\/2026\/03\/1000323956-1536x1152.jpg 1536w, https:\/\/www.tifm.gob.ve\/\/wp-content\/uploads\/2026\/03\/1000323956-2048x1536.jpg 2048w\" sizes=\"auto, (max-width: 2560px) 100vw, 2560px\" \/><\/figure>\n<\/figure>\n","protected":false},"excerpt":{"rendered":"<p>El Jefe de Gobierno del Territorio Insular Francisco de Miranda (TIFM), Vicealmirante An\u00edbal Coronado Mill\u00e1n, a trav\u00e9s de la Secretar\u00eda de Salud, brind\u00f3 atenci\u00f3n m\u00e9dica a todo el personal de la sede administrativa, a trav\u00e9s de una Jornada de Vacunaci\u00f3n. Esta iniciativa forma parte de las pol\u00edticas de protecci\u00f3n social y salud integral dirigidas a [&hellip;]<\/p>\n","protected":false},"author":7,"featured_media":5072,"comment_status":"open","ping_status":"open","sticky":false,"template":"","format":"standard","meta":{"footnotes":""},"categories":[1],"tags":[],"class_list":["post-5071","post","type-post","status-publish","format-standard","has-post-thumbnail","hentry","category-tifm"],"_links":{"self":[{"href":"https:\/\/www.tifm.gob.ve\/index.php?rest_route=\/wp\/v2\/posts\/5071","targetHints":{"allow":["GET"]}}],"collection":[{"href":"https:\/\/www.tifm.gob.ve\/index.php?rest_route=\/wp\/v2\/posts"}],"about":[{"href":"https:\/\/www.tifm.gob.ve\/index.php?rest_route=\/wp\/v2\/types\/post"}],"author":[{"embeddable":true,"href":"https:\/\/www.tifm.gob.ve\/index.php?rest_route=\/wp\/v2\/users\/7"}],"replies":[{"embeddable":true,"href":"https:\/\/www.tifm.gob.ve\/index.php?rest_route=%2Fwp%2Fv2%2Fcomments&post=5071"}],"version-history":[{"count":1,"href":"https:\/\/www.tifm.gob.ve\/index.php?rest_route=\/wp\/v2\/posts\/5071\/revisions"}],"predecessor-version":[{"id":5079,"href":"https:\/\/www.tifm.gob.ve\/index.php?rest_route=\/wp\/v2\/posts\/5071\/revisions\/5079"}],"wp:featuredmedia":[{"embeddable":true,"href":"https:\/\/www.tifm.gob.ve\/index.php?rest_route=\/wp\/v2\/media\/5072"}],"wp:attachment":[{"href":"https:\/\/www.tifm.gob.ve\/index.php?rest_route=%2Fwp%2Fv2%2Fmedia&parent=5071"}],"wp:term":[{"taxonomy":"category","embeddable":true,"href":"https:\/\/www.tifm.gob.ve\/index.php?rest_route=%2Fwp%2Fv2%2Fcategories&post=5071"},{"taxonomy":"post_tag","embeddable":true,"href":"https:\/\/www.tifm.gob.ve\/index.php?rest_route=%2Fwp%2Fv2%2Ftags&post=5071"}],"curies":[{"name":"wp","href":"https:\/\/api.w.org\/{rel}","templated":true}]}}