{"id":4573,"date":"2026-01-22T11:35:55","date_gmt":"2026-01-22T15:35:55","guid":{"rendered":"https:\/\/www.tifm.gob.ve\/?p=4573"},"modified":"2026-01-22T11:35:55","modified_gmt":"2026-01-22T15:35:55","slug":"tifm-impulsa-atencion-primaria-con-jornada-medica-en-el-complejo-educativo-archipielago-los-roques","status":"publish","type":"post","link":"https:\/\/www.tifm.gob.ve\/?p=4573","title":{"rendered":"TIFM impulsa atenci\u00f3n primaria con jornada m\u00e9dica en el Complejo Educativo Archipi\u00e9lago Los Roques"},"content":{"rendered":"\n<p style=\"text-align: justify;\">La Secretar\u00eda de Salud del Gobierno del Territorio Insular Francisco de Miranda, en el marco del programa nacional \u201cLa Salud va a la Escuela\u201d, se llev\u00f3 a cabo una jornada de evaluaci\u00f3n m\u00e9dica en el Complejo Educativo Archipi\u00e9lago Los Roques, dirigida al personal docente, obrero y administrativo de la instituci\u00f3n.<\/p>\n<p style=\"text-align: justify;\">Durante la actividad, se realizaron tamizajes de signos vitales, incluyendo presi\u00f3n arterial, frecuencia card\u00edaca, saturaci\u00f3n de ox\u00edgeno y glicemia capilar, como parte de las acciones preventivas para el cuidado integral de la salud del personal educativo.<\/p>\n<p style=\"text-align: justify;\">Este abordaje estuvo a cargo del Dr. Kherbeen Galindez , Yulimar Narv\u00e1ez Articuladora de Salud TIFM y Dhamelis Narv\u00e1ez Articuladora de Adultos Mayores TIFM.<\/p>\n<p style=\"text-align: justify;\">En paralelo, se realiz\u00f3 visitas domiciliarias que reafirman el compromiso del Gobierno del Territorio Insular Francisco de Miranda con la promoci\u00f3n de la salud y la atenci\u00f3n directa a las comunidades, priorizando la prevenci\u00f3n y el acompa\u00f1amiento m\u00e9dico oportuno.<\/p>\n\n\n\n<figure class=\"wp-block-gallery has-nested-images columns-default is-cropped wp-block-gallery-1 is-layout-flex wp-block-gallery-is-layout-flex\">\n<figure class=\"wp-block-image size-large\"><img loading=\"lazy\" decoding=\"async\" width=\"810\" height=\"1080\" data-id=\"4575\" src=\"https:\/\/www.tifm.gob.ve\/\/wp-content\/uploads\/2026\/01\/1000298725.jpg\" alt=\"\" class=\"wp-image-4575\" srcset=\"https:\/\/www.tifm.gob.ve\/\/wp-content\/uploads\/2026\/01\/1000298725.jpg 810w, https:\/\/www.tifm.gob.ve\/\/wp-content\/uploads\/2026\/01\/1000298725-225x300.jpg 225w, https:\/\/www.tifm.gob.ve\/\/wp-content\/uploads\/2026\/01\/1000298725-768x1024.jpg 768w\" sizes=\"auto, (max-width: 810px) 100vw, 810px\" \/><\/figure>\n\n\n\n<figure class=\"wp-block-image size-large\"><img loading=\"lazy\" decoding=\"async\" width=\"810\" height=\"1080\" data-id=\"4577\" src=\"https:\/\/www.tifm.gob.ve\/\/wp-content\/uploads\/2026\/01\/1000298726.jpg\" alt=\"\" class=\"wp-image-4577\" srcset=\"https:\/\/www.tifm.gob.ve\/\/wp-content\/uploads\/2026\/01\/1000298726.jpg 810w, https:\/\/www.tifm.gob.ve\/\/wp-content\/uploads\/2026\/01\/1000298726-225x300.jpg 225w, https:\/\/www.tifm.gob.ve\/\/wp-content\/uploads\/2026\/01\/1000298726-768x1024.jpg 768w\" sizes=\"auto, (max-width: 810px) 100vw, 810px\" \/><\/figure>\n\n\n\n<figure class=\"wp-block-image size-large\"><img loading=\"lazy\" decoding=\"async\" width=\"810\" height=\"1080\" data-id=\"4576\" src=\"https:\/\/www.tifm.gob.ve\/\/wp-content\/uploads\/2026\/01\/1000298727.jpg\" alt=\"\" class=\"wp-image-4576\" srcset=\"https:\/\/www.tifm.gob.ve\/\/wp-content\/uploads\/2026\/01\/1000298727.jpg 810w, https:\/\/www.tifm.gob.ve\/\/wp-content\/uploads\/2026\/01\/1000298727-225x300.jpg 225w, https:\/\/www.tifm.gob.ve\/\/wp-content\/uploads\/2026\/01\/1000298727-768x1024.jpg 768w\" sizes=\"auto, (max-width: 810px) 100vw, 810px\" \/><\/figure>\n<\/figure>\n\n\n\n\n","protected":false},"excerpt":{"rendered":"<p>La Secretar\u00eda de Salud del Gobierno del Territorio Insular Francisco de Miranda, en el marco del programa nacional \u201cLa Salud va a la Escuela\u201d, se llev\u00f3 a cabo una jornada de evaluaci\u00f3n m\u00e9dica en el Complejo Educativo Archipi\u00e9lago Los Roques, dirigida al personal docente, obrero y administrativo de la instituci\u00f3n. Durante la actividad, se realizaron [&hellip;]<\/p>\n","protected":false},"author":7,"featured_media":4574,"comment_status":"open","ping_status":"open","sticky":false,"template":"","format":"standard","meta":{"footnotes":""},"categories":[6,1],"tags":[],"class_list":["post-4573","post","type-post","status-publish","format-standard","has-post-thumbnail","hentry","category-salud","category-tifm"],"_links":{"self":[{"href":"https:\/\/www.tifm.gob.ve\/index.php?rest_route=\/wp\/v2\/posts\/4573","targetHints":{"allow":["GET"]}}],"collection":[{"href":"https:\/\/www.tifm.gob.ve\/index.php?rest_route=\/wp\/v2\/posts"}],"about":[{"href":"https:\/\/www.tifm.gob.ve\/index.php?rest_route=\/wp\/v2\/types\/post"}],"author":[{"embeddable":true,"href":"https:\/\/www.tifm.gob.ve\/index.php?rest_route=\/wp\/v2\/users\/7"}],"replies":[{"embeddable":true,"href":"https:\/\/www.tifm.gob.ve\/index.php?rest_route=%2Fwp%2Fv2%2Fcomments&post=4573"}],"version-history":[{"count":1,"href":"https:\/\/www.tifm.gob.ve\/index.php?rest_route=\/wp\/v2\/posts\/4573\/revisions"}],"predecessor-version":[{"id":4578,"href":"https:\/\/www.tifm.gob.ve\/index.php?rest_route=\/wp\/v2\/posts\/4573\/revisions\/4578"}],"wp:featuredmedia":[{"embeddable":true,"href":"https:\/\/www.tifm.gob.ve\/index.php?rest_route=\/wp\/v2\/media\/4574"}],"wp:attachment":[{"href":"https:\/\/www.tifm.gob.ve\/index.php?rest_route=%2Fwp%2Fv2%2Fmedia&parent=4573"}],"wp:term":[{"taxonomy":"category","embeddable":true,"href":"https:\/\/www.tifm.gob.ve\/index.php?rest_route=%2Fwp%2Fv2%2Fcategories&post=4573"},{"taxonomy":"post_tag","embeddable":true,"href":"https:\/\/www.tifm.gob.ve\/index.php?rest_route=%2Fwp%2Fv2%2Ftags&post=4573"}],"curies":[{"name":"wp","href":"https:\/\/api.w.org\/{rel}","templated":true}]}}