{"id":4378,"date":"2025-10-30T17:43:12","date_gmt":"2025-10-30T21:43:12","guid":{"rendered":"https:\/\/www.tifm.gob.ve\/?p=4378"},"modified":"2025-10-30T17:43:12","modified_gmt":"2025-10-30T21:43:12","slug":"asonacop-y-unapef-impulsan-abordaje-psicoeducativo-y-familiar-en-el-gran-roque","status":"publish","type":"post","link":"https:\/\/www.tifm.gob.ve\/?p=4378","title":{"rendered":"ASONACOP y UNAPEF impulsan abordaje psicoeducativo y familiar en el Gran Roque"},"content":{"rendered":"\n<p style=\"text-align: justify;\">En una acci\u00f3n conjunta orientada al bienestar integral de la infancia y adolescencia, la Asociaci\u00f3n Nacional de Consejeros Psicol\u00f3gicos (ASONACOP) y la Uni\u00f3n Nacional de Psicopedagogos y Educadores de Familia (UNAPEF), con el respaldo de la Secretar\u00eda de Gesti\u00f3n Social del Territorio Insular Francisco de Miranda llevaron a cabo un abordaje psicoeducativo y familiar dirigido a ni\u00f1os, ni\u00f1as y adolescentes del Gran Roque.<\/p>\n<p style=\"text-align: justify;\">La jornada, que cont\u00f3 con la participaci\u00f3n de un equipo multidisciplinario, logr\u00f3 atender a un total de 84 menores, distribuidos en las siguientes \u00e1reas de especializaci\u00f3n:<\/p>\n<p style=\"text-align: justify;\">&#8211; \ud83e\udde0 Psicopedagog\u00eda: 34 intervenciones<\/p>\n<p style=\"text-align: justify;\">&#8211; \ud83d\udcac Psicolog\u00eda: 26 intervenciones<\/p>\n<p style=\"text-align: justify;\">&#8211; \ud83e\uddd2 Neuropediatr\u00eda: 24 intervenciones<\/p>\n<p style=\"text-align: justify;\">Este esfuerzo forma parte de una estrategia integral para fortalecer el desarrollo emocional, cognitivo y social de la poblaci\u00f3n infantil y juvenil en zonas insulares, promoviendo espacios de atenci\u00f3n especializada, orientaci\u00f3n familiar y prevenci\u00f3n de riesgos psicosociales.<\/p>\n<p style=\"text-align: justify;\">ASONACOP y UNAPEF reiteran su compromiso con el desarrollo humano y la inclusi\u00f3n social, destacando que este tipo de iniciativas contribuyen significativamente a la construcci\u00f3n de comunidades m\u00e1s saludables y resilientes.<\/p>\n<p>\u00a0<\/p>\n\n\n\n<figure class=\"wp-block-gallery has-nested-images columns-default is-cropped wp-block-gallery-1 is-layout-flex wp-block-gallery-is-layout-flex\">\n<figure class=\"wp-block-image size-large\"><img loading=\"lazy\" decoding=\"async\" width=\"870\" height=\"653\" data-id=\"4379\" src=\"https:\/\/www.tifm.gob.ve\/\/wp-content\/uploads\/2025\/10\/1000253067.jpg\" alt=\"\" class=\"wp-image-4379\" srcset=\"https:\/\/www.tifm.gob.ve\/\/wp-content\/uploads\/2025\/10\/1000253067.jpg 870w, https:\/\/www.tifm.gob.ve\/\/wp-content\/uploads\/2025\/10\/1000253067-300x225.jpg 300w, https:\/\/www.tifm.gob.ve\/\/wp-content\/uploads\/2025\/10\/1000253067-768x576.jpg 768w\" sizes=\"auto, (max-width: 870px) 100vw, 870px\" \/><\/figure>\n\n\n\n<figure class=\"wp-block-image size-large\"><img loading=\"lazy\" decoding=\"async\" width=\"1020\" height=\"765\" data-id=\"4380\" src=\"https:\/\/www.tifm.gob.ve\/\/wp-content\/uploads\/2025\/10\/1000253069.jpg\" alt=\"\" class=\"wp-image-4380\" srcset=\"https:\/\/www.tifm.gob.ve\/\/wp-content\/uploads\/2025\/10\/1000253069.jpg 1020w, https:\/\/www.tifm.gob.ve\/\/wp-content\/uploads\/2025\/10\/1000253069-300x225.jpg 300w, https:\/\/www.tifm.gob.ve\/\/wp-content\/uploads\/2025\/10\/1000253069-768x576.jpg 768w\" sizes=\"auto, (max-width: 1020px) 100vw, 1020px\" \/><\/figure>\n<\/figure>\n\n\n\n<figure class=\"wp-block-gallery has-nested-images columns-default is-cropped wp-block-gallery-2 is-layout-flex wp-block-gallery-is-layout-flex\"><\/figure>\n","protected":false},"excerpt":{"rendered":"<p>En una acci\u00f3n conjunta orientada al bienestar integral de la infancia y adolescencia, la Asociaci\u00f3n Nacional de Consejeros Psicol\u00f3gicos (ASONACOP) y la Uni\u00f3n Nacional de Psicopedagogos y Educadores de Familia (UNAPEF), con el respaldo de la Secretar\u00eda de Gesti\u00f3n Social del Territorio Insular Francisco de Miranda llevaron a cabo un abordaje psicoeducativo y familiar dirigido [&hellip;]<\/p>\n","protected":false},"author":7,"featured_media":4381,"comment_status":"open","ping_status":"open","sticky":false,"template":"","format":"standard","meta":{"footnotes":""},"categories":[6,1],"tags":[],"class_list":["post-4378","post","type-post","status-publish","format-standard","has-post-thumbnail","hentry","category-salud","category-tifm"],"_links":{"self":[{"href":"https:\/\/www.tifm.gob.ve\/index.php?rest_route=\/wp\/v2\/posts\/4378","targetHints":{"allow":["GET"]}}],"collection":[{"href":"https:\/\/www.tifm.gob.ve\/index.php?rest_route=\/wp\/v2\/posts"}],"about":[{"href":"https:\/\/www.tifm.gob.ve\/index.php?rest_route=\/wp\/v2\/types\/post"}],"author":[{"embeddable":true,"href":"https:\/\/www.tifm.gob.ve\/index.php?rest_route=\/wp\/v2\/users\/7"}],"replies":[{"embeddable":true,"href":"https:\/\/www.tifm.gob.ve\/index.php?rest_route=%2Fwp%2Fv2%2Fcomments&post=4378"}],"version-history":[{"count":1,"href":"https:\/\/www.tifm.gob.ve\/index.php?rest_route=\/wp\/v2\/posts\/4378\/revisions"}],"predecessor-version":[{"id":4382,"href":"https:\/\/www.tifm.gob.ve\/index.php?rest_route=\/wp\/v2\/posts\/4378\/revisions\/4382"}],"wp:featuredmedia":[{"embeddable":true,"href":"https:\/\/www.tifm.gob.ve\/index.php?rest_route=\/wp\/v2\/media\/4381"}],"wp:attachment":[{"href":"https:\/\/www.tifm.gob.ve\/index.php?rest_route=%2Fwp%2Fv2%2Fmedia&parent=4378"}],"wp:term":[{"taxonomy":"category","embeddable":true,"href":"https:\/\/www.tifm.gob.ve\/index.php?rest_route=%2Fwp%2Fv2%2Fcategories&post=4378"},{"taxonomy":"post_tag","embeddable":true,"href":"https:\/\/www.tifm.gob.ve\/index.php?rest_route=%2Fwp%2Fv2%2Ftags&post=4378"}],"curies":[{"name":"wp","href":"https:\/\/api.w.org\/{rel}","templated":true}]}}