{"id":4331,"date":"2025-10-24T11:08:44","date_gmt":"2025-10-24T15:08:44","guid":{"rendered":"https:\/\/www.tifm.gob.ve\/?p=4331"},"modified":"2025-10-24T15:34:16","modified_gmt":"2025-10-24T19:34:16","slug":"inea-jornada-de-certificacion-para-marineras-auxiliares-en-el-tifm","status":"publish","type":"post","link":"https:\/\/www.tifm.gob.ve\/?p=4331","title":{"rendered":"INEA realiz\u00f3 jornada de certificaci\u00f3n para marineras auxiliares en el TIFM"},"content":{"rendered":"\n<p style=\"text-align: justify;\">El Instituto Nacional de los Espacios Acu\u00e1ticos (INEA) llev\u00f3 a cabo una jornada de cursos y entrega de certificados del programa de Marinero Auxiliar de Embarcaciones Recreativas, Deportivas y Tur\u00edsticas, requisito indispensable para desempe\u00f1arse en apoyo a los patrones deportivos y de pesca con fines tur\u00edsticos.<\/p>\n<p style=\"text-align: justify;\">La actividad se desarroll\u00f3 en las instalaciones de la Estaci\u00f3n Secundaria de Guardacostas Los Roques, en el Territorio Insular Francisco de Miranda, donde participaron m\u00e1s de 60 personas, quienes culminaron exitosamente la formaci\u00f3n impartida por el INEA a trav\u00e9s del Centro de Estudios N\u00e1uticos Venezolanos (CENAVE).<\/p>\n<p style=\"text-align: justify;\">Durante el acto de entrega de certificados estuvieron presentes destacadas autoridades del sector acu\u00e1tico y de seguridad, entre ellas:<\/p>\n<p style=\"text-align: justify;\">VA. Alberto Acosta Sotomayor, Director del Centro de Estudios N\u00e1uticos Venezolanos.<\/p>\n<p style=\"text-align: justify;\">Abg. Marin Dur\u00e1n, Directora del Fondo de Desarrollo de los Espacios Acu\u00e1ticos (FONDEA).<\/p>\n<p style=\"text-align: justify;\">Tte. de Fragata Berbelis Escalante, Segunda Comandante de la Estaci\u00f3n Secundaria de Guardacostas Los Roques.<\/p>\n<p style=\"text-align: justify;\">General Levane, Secretario de Prevenci\u00f3n y Seguridad Ciudadana del Territorio Insular Francisco de Miranda.<\/p>\n<p style=\"text-align: justify;\">Comisario Aquiles Guaimare, representante de la Polic\u00eda Nacional Bolivariana (PNB).<\/p>\n<p style=\"text-align: justify;\">Autoridades de INSOPESCA y la Guardia Nacional Bolivariana (GNB).<\/p>\n<p style=\"text-align: justify;\">En el marco del evento, el INEA entreg\u00f3 reconocimientos especiales al Territorio Insular Francisco de Miranda y a la Estaci\u00f3n Secundaria de Guardacostas Los Roques, en agradecimiento por su apoyo y compromiso con la formaci\u00f3n n\u00e1utica y el desarrollo del sector acu\u00e1tico nacional.<\/p>\n<p style=\"text-align: justify;\">Esta jornada forma parte de las acciones que impulsa el INEA para fortalecer las capacidades del talento humano vinculado a las actividades tur\u00edsticas y recreativas, promoviendo la seguridad, la capacitaci\u00f3n y el desarrollo sostenible de los espacios acu\u00e1ticos venezolanos.<\/p>\n<p>\u00a0<\/p>\n\n\n\n<figure class=\"wp-block-gallery has-nested-images columns-default is-cropped wp-block-gallery-1 is-layout-flex wp-block-gallery-is-layout-flex\">\n<figure class=\"wp-block-image size-large\"><img loading=\"lazy\" decoding=\"async\" width=\"2560\" height=\"1920\" data-id=\"4336\" src=\"https:\/\/www.tifm.gob.ve\/\/wp-content\/uploads\/2025\/10\/48579.jpg\" alt=\"\" class=\"wp-image-4336\" srcset=\"https:\/\/www.tifm.gob.ve\/\/wp-content\/uploads\/2025\/10\/48579.jpg 2560w, https:\/\/www.tifm.gob.ve\/\/wp-content\/uploads\/2025\/10\/48579-300x225.jpg 300w, https:\/\/www.tifm.gob.ve\/\/wp-content\/uploads\/2025\/10\/48579-768x576.jpg 768w, https:\/\/www.tifm.gob.ve\/\/wp-content\/uploads\/2025\/10\/48579-1536x1152.jpg 1536w, https:\/\/www.tifm.gob.ve\/\/wp-content\/uploads\/2025\/10\/48579-2048x1536.jpg 2048w\" sizes=\"auto, (max-width: 2560px) 100vw, 2560px\" \/><\/figure>\n\n\n\n<figure class=\"wp-block-image size-large\"><img loading=\"lazy\" decoding=\"async\" width=\"2560\" height=\"1920\" data-id=\"4333\" src=\"https:\/\/www.tifm.gob.ve\/\/wp-content\/uploads\/2025\/10\/48581.jpg\" alt=\"\" class=\"wp-image-4333\" srcset=\"https:\/\/www.tifm.gob.ve\/\/wp-content\/uploads\/2025\/10\/48581.jpg 2560w, https:\/\/www.tifm.gob.ve\/\/wp-content\/uploads\/2025\/10\/48581-300x225.jpg 300w, https:\/\/www.tifm.gob.ve\/\/wp-content\/uploads\/2025\/10\/48581-768x576.jpg 768w, https:\/\/www.tifm.gob.ve\/\/wp-content\/uploads\/2025\/10\/48581-1536x1152.jpg 1536w, https:\/\/www.tifm.gob.ve\/\/wp-content\/uploads\/2025\/10\/48581-2048x1536.jpg 2048w\" sizes=\"auto, (max-width: 2560px) 100vw, 2560px\" \/><\/figure>\n\n\n\n<figure class=\"wp-block-image size-large\"><img loading=\"lazy\" decoding=\"async\" width=\"2560\" height=\"1920\" data-id=\"4334\" src=\"https:\/\/www.tifm.gob.ve\/\/wp-content\/uploads\/2025\/10\/48580.jpg\" alt=\"\" class=\"wp-image-4334\" srcset=\"https:\/\/www.tifm.gob.ve\/\/wp-content\/uploads\/2025\/10\/48580.jpg 2560w, https:\/\/www.tifm.gob.ve\/\/wp-content\/uploads\/2025\/10\/48580-300x225.jpg 300w, https:\/\/www.tifm.gob.ve\/\/wp-content\/uploads\/2025\/10\/48580-768x576.jpg 768w, https:\/\/www.tifm.gob.ve\/\/wp-content\/uploads\/2025\/10\/48580-1536x1152.jpg 1536w, https:\/\/www.tifm.gob.ve\/\/wp-content\/uploads\/2025\/10\/48580-2048x1536.jpg 2048w\" sizes=\"auto, (max-width: 2560px) 100vw, 2560px\" \/><\/figure>\n\n\n\n<figure class=\"wp-block-image size-large\"><img loading=\"lazy\" decoding=\"async\" width=\"2560\" height=\"1920\" data-id=\"4335\" src=\"https:\/\/www.tifm.gob.ve\/\/wp-content\/uploads\/2025\/10\/48584.jpg\" alt=\"\" class=\"wp-image-4335\" srcset=\"https:\/\/www.tifm.gob.ve\/\/wp-content\/uploads\/2025\/10\/48584.jpg 2560w, https:\/\/www.tifm.gob.ve\/\/wp-content\/uploads\/2025\/10\/48584-300x225.jpg 300w, https:\/\/www.tifm.gob.ve\/\/wp-content\/uploads\/2025\/10\/48584-768x576.jpg 768w, https:\/\/www.tifm.gob.ve\/\/wp-content\/uploads\/2025\/10\/48584-1536x1152.jpg 1536w, https:\/\/www.tifm.gob.ve\/\/wp-content\/uploads\/2025\/10\/48584-2048x1536.jpg 2048w\" sizes=\"auto, (max-width: 2560px) 100vw, 2560px\" \/><\/figure>\n<\/figure>\n","protected":false},"excerpt":{"rendered":"<p>El Instituto Nacional de los Espacios Acu\u00e1ticos (INEA) llev\u00f3 a cabo una jornada de cursos y entrega de certificados del programa de Marinero Auxiliar de Embarcaciones Recreativas, Deportivas y Tur\u00edsticas, requisito indispensable para desempe\u00f1arse en apoyo a los patrones deportivos y de pesca con fines tur\u00edsticos. La actividad se desarroll\u00f3 en las instalaciones de la [&hellip;]<\/p>\n","protected":false},"author":7,"featured_media":4332,"comment_status":"open","ping_status":"open","sticky":false,"template":"","format":"standard","meta":{"footnotes":""},"categories":[1],"tags":[],"class_list":["post-4331","post","type-post","status-publish","format-standard","has-post-thumbnail","hentry","category-tifm"],"_links":{"self":[{"href":"https:\/\/www.tifm.gob.ve\/index.php?rest_route=\/wp\/v2\/posts\/4331","targetHints":{"allow":["GET"]}}],"collection":[{"href":"https:\/\/www.tifm.gob.ve\/index.php?rest_route=\/wp\/v2\/posts"}],"about":[{"href":"https:\/\/www.tifm.gob.ve\/index.php?rest_route=\/wp\/v2\/types\/post"}],"author":[{"embeddable":true,"href":"https:\/\/www.tifm.gob.ve\/index.php?rest_route=\/wp\/v2\/users\/7"}],"replies":[{"embeddable":true,"href":"https:\/\/www.tifm.gob.ve\/index.php?rest_route=%2Fwp%2Fv2%2Fcomments&post=4331"}],"version-history":[{"count":3,"href":"https:\/\/www.tifm.gob.ve\/index.php?rest_route=\/wp\/v2\/posts\/4331\/revisions"}],"predecessor-version":[{"id":4341,"href":"https:\/\/www.tifm.gob.ve\/index.php?rest_route=\/wp\/v2\/posts\/4331\/revisions\/4341"}],"wp:featuredmedia":[{"embeddable":true,"href":"https:\/\/www.tifm.gob.ve\/index.php?rest_route=\/wp\/v2\/media\/4332"}],"wp:attachment":[{"href":"https:\/\/www.tifm.gob.ve\/index.php?rest_route=%2Fwp%2Fv2%2Fmedia&parent=4331"}],"wp:term":[{"taxonomy":"category","embeddable":true,"href":"https:\/\/www.tifm.gob.ve\/index.php?rest_route=%2Fwp%2Fv2%2Fcategories&post=4331"},{"taxonomy":"post_tag","embeddable":true,"href":"https:\/\/www.tifm.gob.ve\/index.php?rest_route=%2Fwp%2Fv2%2Ftags&post=4331"}],"curies":[{"name":"wp","href":"https:\/\/api.w.org\/{rel}","templated":true}]}}