{"id":4325,"date":"2025-10-24T10:26:55","date_gmt":"2025-10-24T14:26:55","guid":{"rendered":"https:\/\/www.tifm.gob.ve\/?p=4325"},"modified":"2025-10-24T10:26:55","modified_gmt":"2025-10-24T14:26:55","slug":"territorio-insular-promueve-salud-y-bienestar","status":"publish","type":"post","link":"https:\/\/www.tifm.gob.ve\/?p=4325","title":{"rendered":"Territorio Insular promueve salud y bienestar"},"content":{"rendered":"\n<p style=\"text-align: justify;\">En el marco de las pol\u00edticas de atenci\u00f3n m\u00e9dica preventiva impulsadas por la gesti\u00f3n del Jefe de Gobierno, Vicealmirante An\u00edbal Coronado Mill\u00e1n, el Territorio Insular Francisco de Miranda desarroll\u00f3 una jornada especial de cauterizaci\u00f3n de verrugas, nevus y acrocordones, dirigida a los trabajadores que laboran en las oficinas de Caracas.<\/p>\n<p style=\"text-align: justify;\">La actividad, organizada en articulaci\u00f3n con la Secretar\u00eda de Salud, tuvo como objetivo ofrecer atenci\u00f3n m\u00e9dica oportuna y de calidad, priorizando la salud integral del personal que forma parte del equipo institucional. Durante la jornada, los trabajadores pudieron acceder a servicios especializados que contribuyen a la prevenci\u00f3n de enfermedades y al mejoramiento de su calidad de vida.<\/p>\n<p style=\"text-align: justify;\">Estas jornadas m\u00e9dicas se suman a una serie de iniciativas que promueven la atenci\u00f3n preventiva y el cuidado integral del personal, reafirmando la visi\u00f3n humanista y responsable de la actual administraci\u00f3n.<\/p>\n<p style=\"text-align: justify;\">Con acciones como esta, el Gobierno del Territorio Insular Francisco de Miranda contin\u00faa fortaleciendo su compromiso con la salud, el bienestar y el desarrollo de quienes d\u00eda a d\u00eda contribuyen con el progreso del territorio y del pa\u00eds.<\/p>\n<p>\u00a0<\/p>\n\n\n\n<figure class=\"wp-block-gallery has-nested-images columns-default is-cropped wp-block-gallery-1 is-layout-flex wp-block-gallery-is-layout-flex\">\n<figure class=\"wp-block-image size-large\"><img loading=\"lazy\" decoding=\"async\" width=\"1280\" height=\"960\" data-id=\"4327\" src=\"https:\/\/www.tifm.gob.ve\/\/wp-content\/uploads\/2025\/10\/1000250748.jpg\" alt=\"\" class=\"wp-image-4327\" srcset=\"https:\/\/www.tifm.gob.ve\/\/wp-content\/uploads\/2025\/10\/1000250748.jpg 1280w, https:\/\/www.tifm.gob.ve\/\/wp-content\/uploads\/2025\/10\/1000250748-300x225.jpg 300w, https:\/\/www.tifm.gob.ve\/\/wp-content\/uploads\/2025\/10\/1000250748-768x576.jpg 768w\" sizes=\"auto, (max-width: 1280px) 100vw, 1280px\" \/><\/figure>\n\n\n\n<figure class=\"wp-block-image size-large\"><img loading=\"lazy\" decoding=\"async\" width=\"1280\" height=\"960\" data-id=\"4328\" src=\"https:\/\/www.tifm.gob.ve\/\/wp-content\/uploads\/2025\/10\/1000250749.jpg\" alt=\"\" class=\"wp-image-4328\" srcset=\"https:\/\/www.tifm.gob.ve\/\/wp-content\/uploads\/2025\/10\/1000250749.jpg 1280w, https:\/\/www.tifm.gob.ve\/\/wp-content\/uploads\/2025\/10\/1000250749-300x225.jpg 300w, https:\/\/www.tifm.gob.ve\/\/wp-content\/uploads\/2025\/10\/1000250749-768x576.jpg 768w\" sizes=\"auto, (max-width: 1280px) 100vw, 1280px\" \/><\/figure>\n\n\n\n<figure class=\"wp-block-image size-large\"><img loading=\"lazy\" decoding=\"async\" width=\"1280\" height=\"960\" data-id=\"4329\" src=\"https:\/\/www.tifm.gob.ve\/\/wp-content\/uploads\/2025\/10\/1000250750.jpg\" alt=\"\" class=\"wp-image-4329\" srcset=\"https:\/\/www.tifm.gob.ve\/\/wp-content\/uploads\/2025\/10\/1000250750.jpg 1280w, https:\/\/www.tifm.gob.ve\/\/wp-content\/uploads\/2025\/10\/1000250750-300x225.jpg 300w, https:\/\/www.tifm.gob.ve\/\/wp-content\/uploads\/2025\/10\/1000250750-768x576.jpg 768w\" sizes=\"auto, (max-width: 1280px) 100vw, 1280px\" \/><\/figure>\n<\/figure>\n","protected":false},"excerpt":{"rendered":"<p>En el marco de las pol\u00edticas de atenci\u00f3n m\u00e9dica preventiva impulsadas por la gesti\u00f3n del Jefe de Gobierno, Vicealmirante An\u00edbal Coronado Mill\u00e1n, el Territorio Insular Francisco de Miranda desarroll\u00f3 una jornada especial de cauterizaci\u00f3n de verrugas, nevus y acrocordones, dirigida a los trabajadores que laboran en las oficinas de Caracas. La actividad, organizada en articulaci\u00f3n [&hellip;]<\/p>\n","protected":false},"author":7,"featured_media":4326,"comment_status":"open","ping_status":"open","sticky":false,"template":"","format":"standard","meta":{"footnotes":""},"categories":[6,1],"tags":[],"class_list":["post-4325","post","type-post","status-publish","format-standard","has-post-thumbnail","hentry","category-salud","category-tifm"],"_links":{"self":[{"href":"https:\/\/www.tifm.gob.ve\/index.php?rest_route=\/wp\/v2\/posts\/4325","targetHints":{"allow":["GET"]}}],"collection":[{"href":"https:\/\/www.tifm.gob.ve\/index.php?rest_route=\/wp\/v2\/posts"}],"about":[{"href":"https:\/\/www.tifm.gob.ve\/index.php?rest_route=\/wp\/v2\/types\/post"}],"author":[{"embeddable":true,"href":"https:\/\/www.tifm.gob.ve\/index.php?rest_route=\/wp\/v2\/users\/7"}],"replies":[{"embeddable":true,"href":"https:\/\/www.tifm.gob.ve\/index.php?rest_route=%2Fwp%2Fv2%2Fcomments&post=4325"}],"version-history":[{"count":1,"href":"https:\/\/www.tifm.gob.ve\/index.php?rest_route=\/wp\/v2\/posts\/4325\/revisions"}],"predecessor-version":[{"id":4330,"href":"https:\/\/www.tifm.gob.ve\/index.php?rest_route=\/wp\/v2\/posts\/4325\/revisions\/4330"}],"wp:featuredmedia":[{"embeddable":true,"href":"https:\/\/www.tifm.gob.ve\/index.php?rest_route=\/wp\/v2\/media\/4326"}],"wp:attachment":[{"href":"https:\/\/www.tifm.gob.ve\/index.php?rest_route=%2Fwp%2Fv2%2Fmedia&parent=4325"}],"wp:term":[{"taxonomy":"category","embeddable":true,"href":"https:\/\/www.tifm.gob.ve\/index.php?rest_route=%2Fwp%2Fv2%2Fcategories&post=4325"},{"taxonomy":"post_tag","embeddable":true,"href":"https:\/\/www.tifm.gob.ve\/index.php?rest_route=%2Fwp%2Fv2%2Ftags&post=4325"}],"curies":[{"name":"wp","href":"https:\/\/api.w.org\/{rel}","templated":true}]}}