{"id":4318,"date":"2025-10-22T14:43:18","date_gmt":"2025-10-22T18:43:18","guid":{"rendered":"https:\/\/www.tifm.gob.ve\/?p=4318"},"modified":"2025-10-22T14:43:18","modified_gmt":"2025-10-22T18:43:18","slug":"caminamos-juntos-por-la-vida-y-la-esperanza","status":"publish","type":"post","link":"https:\/\/www.tifm.gob.ve\/?p=4318","title":{"rendered":"Caminamos juntos por la vida y la esperanza"},"content":{"rendered":"\n<p style=\"text-align: justify;\">En conmemoraci\u00f3n del Mes Rosa, dedicado a la lucha contra el c\u00e1ncer de mama, las fuerzas vivas del Territorio Insular Francisco de Miranda se unieron en una gran caminata por la salud y la vida, organizada por la Secretar\u00eda de Salud a trav\u00e9s de la Secretar\u00eda de Deporte, con el acompa\u00f1amiento de m\u00e9dicos del ambulatorio Petra Mar\u00eda Marcano.<\/p>\n<p style=\"text-align: justify;\">La actividad cont\u00f3 con la entusiasta participaci\u00f3n de la Secretar\u00eda de Gesti\u00f3n Social, SATIM, SAIM, Secretar\u00eda de Infraestructura, Secretar\u00eda de Catastro, y la Secretar\u00eda de Prevenci\u00f3n, Seguridad Ciudadana y Administraci\u00f3n de Desastres, junto a los organismos de seguridad y prevenci\u00f3n: Comando de Vigilancia Costera, Guardia Nacional Bolivariana, Polic\u00eda Nacional Bolivariana y Protecci\u00f3n Civil.<\/p>\n<p style=\"text-align: justify;\">La caminata inici\u00f3 en el Aeropuerto del Gran Roque, recorriendo las principales calles del pueblo en un ambiente lleno de energ\u00eda, solidaridad y compromiso, para culminar en el Ambulatorio Petra Mar\u00eda Marcano, donde se realizaron breves charlas de sensibilizaci\u00f3n y actividades de promoci\u00f3n de la salud.<\/p>\n<p style=\"text-align: justify;\">Esta jornada tuvo como objetivo principal fomentar la prevenci\u00f3n, la detecci\u00f3n temprana y la conciencia sobre el c\u00e1ncer de mama, al tiempo que fortaleci\u00f3 los lazos de uni\u00f3n entre las instituciones y la comunidad.<\/p>\n<p style=\"text-align: justify;\">Con este tipo de actividades, el Territorio Insular Francisco de Miranda contin\u00faa demostrando su compromiso con el bienestar integral de sus habitantes, promoviendo h\u00e1bitos saludables, la participaci\u00f3n ciudadana y el fortalecimiento del tejido social a trav\u00e9s del deporte y la conciencia preventiva.<\/p>\n\n\n\n\n\n<figure class=\"wp-block-gallery has-nested-images columns-default is-cropped wp-block-gallery-1 is-layout-flex wp-block-gallery-is-layout-flex\">\n<figure class=\"wp-block-image size-large\"><img loading=\"lazy\" decoding=\"async\" width=\"2560\" height=\"1920\" data-id=\"4319\" src=\"https:\/\/www.tifm.gob.ve\/\/wp-content\/uploads\/2025\/10\/1000249945.jpg\" alt=\"\" class=\"wp-image-4319\" srcset=\"https:\/\/www.tifm.gob.ve\/\/wp-content\/uploads\/2025\/10\/1000249945.jpg 2560w, https:\/\/www.tifm.gob.ve\/\/wp-content\/uploads\/2025\/10\/1000249945-300x225.jpg 300w, https:\/\/www.tifm.gob.ve\/\/wp-content\/uploads\/2025\/10\/1000249945-768x576.jpg 768w, https:\/\/www.tifm.gob.ve\/\/wp-content\/uploads\/2025\/10\/1000249945-1536x1152.jpg 1536w, https:\/\/www.tifm.gob.ve\/\/wp-content\/uploads\/2025\/10\/1000249945-2048x1536.jpg 2048w\" sizes=\"auto, (max-width: 2560px) 100vw, 2560px\" \/><\/figure>\n\n\n\n<figure class=\"wp-block-image size-large\"><img loading=\"lazy\" decoding=\"async\" width=\"2560\" height=\"1920\" data-id=\"4321\" src=\"https:\/\/www.tifm.gob.ve\/\/wp-content\/uploads\/2025\/10\/1000249943.jpg\" alt=\"\" class=\"wp-image-4321\" srcset=\"https:\/\/www.tifm.gob.ve\/\/wp-content\/uploads\/2025\/10\/1000249943.jpg 2560w, https:\/\/www.tifm.gob.ve\/\/wp-content\/uploads\/2025\/10\/1000249943-300x225.jpg 300w, https:\/\/www.tifm.gob.ve\/\/wp-content\/uploads\/2025\/10\/1000249943-768x576.jpg 768w, https:\/\/www.tifm.gob.ve\/\/wp-content\/uploads\/2025\/10\/1000249943-1536x1152.jpg 1536w, https:\/\/www.tifm.gob.ve\/\/wp-content\/uploads\/2025\/10\/1000249943-2048x1536.jpg 2048w\" sizes=\"auto, (max-width: 2560px) 100vw, 2560px\" \/><\/figure>\n\n\n\n<figure class=\"wp-block-image size-large\"><img loading=\"lazy\" decoding=\"async\" width=\"2560\" height=\"1920\" data-id=\"4320\" src=\"https:\/\/www.tifm.gob.ve\/\/wp-content\/uploads\/2025\/10\/1000249942.jpg\" alt=\"\" class=\"wp-image-4320\" srcset=\"https:\/\/www.tifm.gob.ve\/\/wp-content\/uploads\/2025\/10\/1000249942.jpg 2560w, https:\/\/www.tifm.gob.ve\/\/wp-content\/uploads\/2025\/10\/1000249942-300x225.jpg 300w, https:\/\/www.tifm.gob.ve\/\/wp-content\/uploads\/2025\/10\/1000249942-768x576.jpg 768w, https:\/\/www.tifm.gob.ve\/\/wp-content\/uploads\/2025\/10\/1000249942-1536x1152.jpg 1536w, https:\/\/www.tifm.gob.ve\/\/wp-content\/uploads\/2025\/10\/1000249942-2048x1536.jpg 2048w\" sizes=\"auto, (max-width: 2560px) 100vw, 2560px\" \/><\/figure>\n<\/figure>\n","protected":false},"excerpt":{"rendered":"<p>En conmemoraci\u00f3n del Mes Rosa, dedicado a la lucha contra el c\u00e1ncer de mama, las fuerzas vivas del Territorio Insular Francisco de Miranda se unieron en una gran caminata por la salud y la vida, organizada por la Secretar\u00eda de Salud a trav\u00e9s de la Secretar\u00eda de Deporte, con el acompa\u00f1amiento de m\u00e9dicos del ambulatorio [&hellip;]<\/p>\n","protected":false},"author":7,"featured_media":4322,"comment_status":"open","ping_status":"open","sticky":false,"template":"","format":"standard","meta":{"footnotes":""},"categories":[6,1],"tags":[],"class_list":["post-4318","post","type-post","status-publish","format-standard","has-post-thumbnail","hentry","category-salud","category-tifm"],"_links":{"self":[{"href":"https:\/\/www.tifm.gob.ve\/index.php?rest_route=\/wp\/v2\/posts\/4318","targetHints":{"allow":["GET"]}}],"collection":[{"href":"https:\/\/www.tifm.gob.ve\/index.php?rest_route=\/wp\/v2\/posts"}],"about":[{"href":"https:\/\/www.tifm.gob.ve\/index.php?rest_route=\/wp\/v2\/types\/post"}],"author":[{"embeddable":true,"href":"https:\/\/www.tifm.gob.ve\/index.php?rest_route=\/wp\/v2\/users\/7"}],"replies":[{"embeddable":true,"href":"https:\/\/www.tifm.gob.ve\/index.php?rest_route=%2Fwp%2Fv2%2Fcomments&post=4318"}],"version-history":[{"count":1,"href":"https:\/\/www.tifm.gob.ve\/index.php?rest_route=\/wp\/v2\/posts\/4318\/revisions"}],"predecessor-version":[{"id":4323,"href":"https:\/\/www.tifm.gob.ve\/index.php?rest_route=\/wp\/v2\/posts\/4318\/revisions\/4323"}],"wp:featuredmedia":[{"embeddable":true,"href":"https:\/\/www.tifm.gob.ve\/index.php?rest_route=\/wp\/v2\/media\/4322"}],"wp:attachment":[{"href":"https:\/\/www.tifm.gob.ve\/index.php?rest_route=%2Fwp%2Fv2%2Fmedia&parent=4318"}],"wp:term":[{"taxonomy":"category","embeddable":true,"href":"https:\/\/www.tifm.gob.ve\/index.php?rest_route=%2Fwp%2Fv2%2Fcategories&post=4318"},{"taxonomy":"post_tag","embeddable":true,"href":"https:\/\/www.tifm.gob.ve\/index.php?rest_route=%2Fwp%2Fv2%2Ftags&post=4318"}],"curies":[{"name":"wp","href":"https:\/\/api.w.org\/{rel}","templated":true}]}}