{"id":418,"date":"2023-10-17T13:23:44","date_gmt":"2023-10-17T17:23:44","guid":{"rendered":"http:\/\/web03.tifm.gob.ve\/?p=418"},"modified":"2024-01-10T09:51:06","modified_gmt":"2024-01-10T13:51:06","slug":"418","status":"publish","type":"post","link":"https:\/\/www.tifm.gob.ve\/?p=418","title":{"rendered":"Restaurada la Casa de la Cultura"},"content":{"rendered":"\n<div class=\"wp-block-columns is-layout-flex wp-container-core-columns-is-layout-9d6595d7 wp-block-columns-is-layout-flex\">\n<div class=\"wp-block-column is-layout-flow wp-block-column-is-layout-flow\">\t\t\r\n\t\t\r\n\t\t<style>\t\r\n\t\t\t\t\t\t\t#lswssp-logo-carousel-1 .lswssp-logo-img-wrap .lswssp-logo-img{max-height:400px}\r\n\t\t\t\t\t<\/style>\r\n\r\n\t\t<div class=\"lswssp-wrap lswssp-logo-showcase lswssp-logo-carousel-wrap lswssp-post-data-wrap lswssp-design-1  lswssp-default-height\">\r\n\t<div class=\"lswssp-logo-carousel lswssp-logo-carousel-inr-wrap lswssp-post-data-inr-wrap lswssp-tooltip-conf lswssp-clearfix\" id=\"lswssp-logo-carousel-1\" data-conf=\"{&quot;id&quot;:&quot;410&quot;,&quot;css_class&quot;:&quot; lswssp-default-height&quot;,&quot;display_type&quot;:&quot;slider&quot;,&quot;images&quot;:[411,412,413,414,415,416,417],&quot;design&quot;:&quot;design-1&quot;,&quot;show_title&quot;:false,&quot;show_desc&quot;:false,&quot;link_target&quot;:&quot;_self&quot;,&quot;min_height&quot;:&quot;&quot;,&quot;max_height&quot;:400,&quot;slides_show&quot;:1,&quot;slides_scroll&quot;:1,&quot;autoplay&quot;:true,&quot;autoplay_speed&quot;:3000,&quot;speed&quot;:600,&quot;arrow&quot;:true,&quot;dots&quot;:true,&quot;pause_on_hover&quot;:true,&quot;loop&quot;:true,&quot;centermode&quot;:false,&quot;center_padding&quot;:0,&quot;ipad&quot;:&quot;&quot;,&quot;tablet&quot;:&quot;&quot;,&quot;mobile&quot;:&quot;&quot;,&quot;unique&quot;:1,&quot;count&quot;:0,&quot;slide_to_show&quot;:5,&quot;slide_to_show_ipad&quot;:3,&quot;slide_to_show_tablet&quot;:2,&quot;slide_to_show_mobile&quot;:1}\"><div class=\"lswssp-slide lswssp-post-411\">\r\n\t<div class=\"lswssp-slide-inner\">\r\n\t\t<div class=\"lswssp-logo-img-wrap\">\r\n\t\t\t\t\t\t\t<img decoding=\"async\" class=\"lswssp-logo-img\" src=\"https:\/\/www.tifm.gob.ve\/\/wp-content\/uploads\/2023\/10\/Screenshot-2023-10-17-at-13-21-43-Territorio-Insular-Francisco-de-Miranda-@insularmiranda-\u2022-Fotos-y-videos-de-Instagram.png\" alt=\"Screenshot 2023-10-17 at 13-21-43 Territorio Insular Francisco de Miranda (@insularmiranda) \u2022 Fotos y v\u00eddeos de Instagram\" \/>\r\n\t\t\t\t\t<\/div>\r\n\r\n\t\t\t<\/div>\r\n<\/div><div class=\"lswssp-slide lswssp-post-412\">\r\n\t<div class=\"lswssp-slide-inner\">\r\n\t\t<div class=\"lswssp-logo-img-wrap\">\r\n\t\t\t\t\t\t\t<img decoding=\"async\" class=\"lswssp-logo-img\" src=\"https:\/\/www.tifm.gob.ve\/\/wp-content\/uploads\/2023\/10\/Screenshot-2023-10-17-at-13-21-37-Territorio-Insular-Francisco-de-Miranda-@insularmiranda-\u2022-Fotos-y-videos-de-Instagram.png\" alt=\"Screenshot 2023-10-17 at 13-21-37 Territorio Insular Francisco de Miranda (@insularmiranda) \u2022 Fotos y v\u00eddeos de Instagram\" \/>\r\n\t\t\t\t\t<\/div>\r\n\r\n\t\t\t<\/div>\r\n<\/div><div class=\"lswssp-slide lswssp-post-413\">\r\n\t<div class=\"lswssp-slide-inner\">\r\n\t\t<div class=\"lswssp-logo-img-wrap\">\r\n\t\t\t\t\t\t\t<img decoding=\"async\" class=\"lswssp-logo-img\" src=\"https:\/\/www.tifm.gob.ve\/\/wp-content\/uploads\/2023\/10\/Screenshot-2023-10-17-at-13-21-32-Territorio-Insular-Francisco-de-Miranda-@insularmiranda-\u2022-Fotos-y-videos-de-Instagram.png\" alt=\"Screenshot 2023-10-17 at 13-21-32 Territorio Insular Francisco de Miranda (@insularmiranda) \u2022 Fotos y v\u00eddeos de Instagram\" \/>\r\n\t\t\t\t\t<\/div>\r\n\r\n\t\t\t<\/div>\r\n<\/div><div class=\"lswssp-slide lswssp-post-414\">\r\n\t<div class=\"lswssp-slide-inner\">\r\n\t\t<div class=\"lswssp-logo-img-wrap\">\r\n\t\t\t\t\t\t\t<img decoding=\"async\" class=\"lswssp-logo-img\" src=\"https:\/\/www.tifm.gob.ve\/\/wp-content\/uploads\/2023\/10\/Screenshot-2023-10-17-at-13-21-26-Territorio-Insular-Francisco-de-Miranda-@insularmiranda-\u2022-Fotos-y-videos-de-Instagram.png\" alt=\"Screenshot 2023-10-17 at 13-21-26 Territorio Insular Francisco de Miranda (@insularmiranda) \u2022 Fotos y v\u00eddeos de Instagram\" \/>\r\n\t\t\t\t\t<\/div>\r\n\r\n\t\t\t<\/div>\r\n<\/div><div class=\"lswssp-slide lswssp-post-415\">\r\n\t<div class=\"lswssp-slide-inner\">\r\n\t\t<div class=\"lswssp-logo-img-wrap\">\r\n\t\t\t\t\t\t\t<img decoding=\"async\" class=\"lswssp-logo-img\" src=\"https:\/\/www.tifm.gob.ve\/\/wp-content\/uploads\/2023\/10\/Screenshot-2023-10-17-at-13-21-20-Territorio-Insular-Francisco-de-Miranda-@insularmiranda-\u2022-Fotos-y-videos-de-Instagram.png\" alt=\"Screenshot 2023-10-17 at 13-21-20 Territorio Insular Francisco de Miranda (@insularmiranda) \u2022 Fotos y v\u00eddeos de Instagram\" \/>\r\n\t\t\t\t\t<\/div>\r\n\r\n\t\t\t<\/div>\r\n<\/div><div class=\"lswssp-slide lswssp-post-416\">\r\n\t<div class=\"lswssp-slide-inner\">\r\n\t\t<div class=\"lswssp-logo-img-wrap\">\r\n\t\t\t\t\t\t\t<img decoding=\"async\" class=\"lswssp-logo-img\" src=\"https:\/\/www.tifm.gob.ve\/\/wp-content\/uploads\/2023\/10\/Screenshot-2023-10-17-at-13-21-15-Territorio-Insular-Francisco-de-Miranda-@insularmiranda-\u2022-Fotos-y-videos-de-Instagram.png\" alt=\"Screenshot 2023-10-17 at 13-21-15 Territorio Insular Francisco de Miranda (@insularmiranda) \u2022 Fotos y v\u00eddeos de Instagram\" \/>\r\n\t\t\t\t\t<\/div>\r\n\r\n\t\t\t<\/div>\r\n<\/div><div class=\"lswssp-slide lswssp-post-417\">\r\n\t<div class=\"lswssp-slide-inner\">\r\n\t\t<div class=\"lswssp-logo-img-wrap\">\r\n\t\t\t\t\t\t\t<img decoding=\"async\" class=\"lswssp-logo-img\" src=\"https:\/\/www.tifm.gob.ve\/\/wp-content\/uploads\/2023\/10\/Screenshot-2023-10-17-at-13-21-06-Territorio-Insular-Francisco-de-Miranda-@insularmiranda-\u2022-Fotos-y-videos-de-Instagram.png\" alt=\"Screenshot 2023-10-17 at 13-21-06 Territorio Insular Francisco de Miranda (@insularmiranda) \u2022 Fotos y v\u00eddeos de Instagram\" \/>\r\n\t\t\t\t\t<\/div>\r\n\r\n\t\t\t<\/div>\r\n<\/div>\t<\/div>\r\n<\/div>\n<\/div>\n\n\n\n<div class=\"wp-block-column is-layout-flow wp-block-column-is-layout-flow\">\n<p class=\"has-text-align-center\" style=\"text-align: justify;\">Con una hermosa inauguraci\u00f3n protagonizada por el grupo de danzas \u00abMar Azul\u00bb se entreg\u00f3 al pueblo Roque\u00f1o una Casa de la Cultura totalmente restaurada.<br \/><br \/>Seguimos recuperando y otorgando a nuestra poblaci\u00f3n, espacios seguros y ambientados para el esparcimiento, aprendizaje y el fortalecimiento de nuestra cultura y tradiciones.<br \/><br \/>\u00a1Los Roques Somos Todos!\ud83d\udc99<br \/><br \/><a href=\"https:\/\/www.instagram.com\/explore\/tags\/losroquesvenezuela\/\">#losroquesvenezuela<\/a> <a href=\"https:\/\/www.instagram.com\/explore\/tags\/losroques\/\">#losroques<\/a> <a href=\"https:\/\/www.instagram.com\/explore\/tags\/vzla\/\">#vzla<\/a> <a href=\"https:\/\/www.instagram.com\/explore\/tags\/cultura\/\">#cultura<\/a><\/p>\n<\/div>\n<\/div>\n","protected":false},"excerpt":{"rendered":"<p>Con una hermosa inauguraci\u00f3n protagonizada por el grupo de danzas \u00abMar Azul\u00bb se entreg\u00f3 al pueblo Roque\u00f1o una Casa de la Cultura totalmente restaurada. Seguimos recuperando y otorgando a nuestra poblaci\u00f3n, espacios seguros y ambientados para el esparcimiento, aprendizaje y el fortalecimiento de nuestra cultura y tradiciones. \u00a1Los Roques Somos Todos!\ud83d\udc99 #losroquesvenezuela #losroques #vzla #cultura<\/p>\n","protected":false},"author":1,"featured_media":415,"comment_status":"open","ping_status":"open","sticky":false,"template":"","format":"standard","meta":{"footnotes":""},"categories":[4],"tags":[],"class_list":["post-418","post","type-post","status-publish","format-standard","has-post-thumbnail","hentry","category-cultura"],"_links":{"self":[{"href":"https:\/\/www.tifm.gob.ve\/index.php?rest_route=\/wp\/v2\/posts\/418","targetHints":{"allow":["GET"]}}],"collection":[{"href":"https:\/\/www.tifm.gob.ve\/index.php?rest_route=\/wp\/v2\/posts"}],"about":[{"href":"https:\/\/www.tifm.gob.ve\/index.php?rest_route=\/wp\/v2\/types\/post"}],"author":[{"embeddable":true,"href":"https:\/\/www.tifm.gob.ve\/index.php?rest_route=\/wp\/v2\/users\/1"}],"replies":[{"embeddable":true,"href":"https:\/\/www.tifm.gob.ve\/index.php?rest_route=%2Fwp%2Fv2%2Fcomments&post=418"}],"version-history":[{"count":5,"href":"https:\/\/www.tifm.gob.ve\/index.php?rest_route=\/wp\/v2\/posts\/418\/revisions"}],"predecessor-version":[{"id":1255,"href":"https:\/\/www.tifm.gob.ve\/index.php?rest_route=\/wp\/v2\/posts\/418\/revisions\/1255"}],"wp:featuredmedia":[{"embeddable":true,"href":"https:\/\/www.tifm.gob.ve\/index.php?rest_route=\/wp\/v2\/media\/415"}],"wp:attachment":[{"href":"https:\/\/www.tifm.gob.ve\/index.php?rest_route=%2Fwp%2Fv2%2Fmedia&parent=418"}],"wp:term":[{"taxonomy":"category","embeddable":true,"href":"https:\/\/www.tifm.gob.ve\/index.php?rest_route=%2Fwp%2Fv2%2Fcategories&post=418"},{"taxonomy":"post_tag","embeddable":true,"href":"https:\/\/www.tifm.gob.ve\/index.php?rest_route=%2Fwp%2Fv2%2Ftags&post=418"}],"curies":[{"name":"wp","href":"https:\/\/api.w.org\/{rel}","templated":true}]}}