{"id":4129,"date":"2025-09-13T17:01:25","date_gmt":"2025-09-13T21:01:25","guid":{"rendered":"https:\/\/www.tifm.gob.ve\/?p=4129"},"modified":"2025-09-13T17:02:55","modified_gmt":"2025-09-13T21:02:55","slug":"adiestramiento-militar-en-los-roques-fortalece-la-defensa-integral-de-la-nacion","status":"publish","type":"post","link":"https:\/\/www.tifm.gob.ve\/?p=4129","title":{"rendered":"Adiestramiento militar en Los Roques fortalece la defensa integral de la naci\u00f3n"},"content":{"rendered":"\n<p>(Prensa TIFM 13.09.2025).- Desde la Estaci\u00f3n de Vigilancia Costera Los Roques, se desarroll\u00f3 este s\u00e1bado un significativo adiestramiento militar en el marco del \u00abPlan Independencia 200\u00bb, reafirmando el compromiso con la defensa, la soberan\u00eda y la paz de la patria.<\/p>\n<p>\u00a0<\/p>\n<p>La jornada cont\u00f3 con la participaci\u00f3n activa de efectivos militares, cuerpos policiales, comunidad organizada y representantes de las instituciones del territorio insular, consolidando una articulaci\u00f3n perfecta entre el poder civil y militar. Esta acci\u00f3n conjunta fortalece los lazos que garantizan la seguridad integral del pueblo venezolano.<\/p>\n<p>\u00a0<\/p>\n<p>El pueblo del Gran Roque, junto a sus instituciones, ratific\u00f3 su respaldo al legado del Comandante Hugo Ch\u00e1vez y al liderazgo del Presidente Constitucional Nicol\u00e1s Maduro Moros, en defensa de la Revoluci\u00f3n Bolivariana.<\/p>\n<p>\u00a0<\/p>\n<p>\u201cUnidad, disciplina y amor por Venezuela son los pilares que nos gu\u00edan en cada acci\u00f3n por la patria\u201d, expres\u00f3 el Capit\u00e1n de la GNB, C\u00e1ceres Cupido Gustavo.<\/p>\n<p>\u00a0<\/p>\n<p>Este ejercicio representa un paso hacia el fortalecimiento de la capacidad operativa en zonas estrat\u00e9gicas mar\u00edtima e insular del pa\u00eds.<\/p>\n\n\n\n<div aria-label=\"Carousel Gallery\" class=\"wp-block-coblocks-gallery-carousel alignfull\"><div class=\"coblocks-gallery-carousel-swiper-container is-cropped coblocks-gallery has-caption-style-dark has-horizontal-gutter has-no-thumbnails\"><div class=\"has-carousel has-carousel-lrg swiper-container\" data-swiper=\"{&quot;alignCells&quot;:false,&quot;autoPlay&quot;:true,&quot;autoPlaySpeed&quot;:3000,&quot;draggable&quot;:false,&quot;freeMode&quot;:false,&quot;loop&quot;:false,&quot;navigation&quot;:true,&quot;pageDots&quot;:false,&quot;pauseHover&quot;:false,&quot;responsiveHeight&quot;:false,&quot;slidesPerView&quot;:2,&quot;thumbnails&quot;:false,&quot;uuid&quot;:&quot;12345&quot;}\" style=\"height:400px\"><div class=\"swiper-wrapper\"><div class=\"swiper-slide\"><div class=\"coblocks-gallery--item\" role=\"button\" tabindex=\"0\"><figure class=\"coblocks-gallery--figure has-margin-left-5 has-margin-left-mobile-5 has-margin-right-5 has-margin-right-mobile-5\"><img loading=\"lazy\" decoding=\"async\" width=\"1280\" height=\"960\" alt=\"\" class=\"wp-image-4131\" data-id=\"4131\" data-link=\"https:\/\/www.tifm.gob.ve\/?attachment_id=4131\" src=\"https:\/\/www.tifm.gob.ve\/\/wp-content\/uploads\/2025\/09\/IMG_20250913_165455_660.jpg\" srcset=\"https:\/\/www.tifm.gob.ve\/\/wp-content\/uploads\/2025\/09\/IMG_20250913_165455_660.jpg 1280w, https:\/\/www.tifm.gob.ve\/\/wp-content\/uploads\/2025\/09\/IMG_20250913_165455_660-300x225.jpg 300w, https:\/\/www.tifm.gob.ve\/\/wp-content\/uploads\/2025\/09\/IMG_20250913_165455_660-768x576.jpg 768w\" sizes=\"auto, (max-width: 1280px) 100vw, 1280px\" \/><\/figure><figcaption class=\"coblocks-gallery--caption coblocks-gallery--primary-caption\"><\/figcaption><\/div><\/div><div class=\"swiper-slide\"><div class=\"coblocks-gallery--item\" role=\"button\" tabindex=\"1\"><figure class=\"coblocks-gallery--figure has-margin-left-5 has-margin-left-mobile-5 has-margin-right-5 has-margin-right-mobile-5\"><img loading=\"lazy\" decoding=\"async\" width=\"1280\" height=\"960\" alt=\"\" class=\"wp-image-4130\" data-id=\"4130\" data-link=\"https:\/\/www.tifm.gob.ve\/?attachment_id=4130\" src=\"https:\/\/www.tifm.gob.ve\/\/wp-content\/uploads\/2025\/09\/IMG_20250913_165456_647.jpg\" srcset=\"https:\/\/www.tifm.gob.ve\/\/wp-content\/uploads\/2025\/09\/IMG_20250913_165456_647.jpg 1280w, https:\/\/www.tifm.gob.ve\/\/wp-content\/uploads\/2025\/09\/IMG_20250913_165456_647-300x225.jpg 300w, https:\/\/www.tifm.gob.ve\/\/wp-content\/uploads\/2025\/09\/IMG_20250913_165456_647-768x576.jpg 768w\" sizes=\"auto, (max-width: 1280px) 100vw, 1280px\" \/><\/figure><figcaption class=\"coblocks-gallery--caption coblocks-gallery--primary-caption\"><\/figcaption><\/div><\/div><div class=\"swiper-slide\"><div class=\"coblocks-gallery--item\" role=\"button\" tabindex=\"2\"><figure class=\"coblocks-gallery--figure has-margin-left-5 has-margin-left-mobile-5 has-margin-right-5 has-margin-right-mobile-5\"><img loading=\"lazy\" decoding=\"async\" width=\"1280\" height=\"960\" alt=\"\" class=\"wp-image-4132\" data-id=\"4132\" data-link=\"https:\/\/www.tifm.gob.ve\/?attachment_id=4132\" src=\"https:\/\/www.tifm.gob.ve\/\/wp-content\/uploads\/2025\/09\/IMG_20250913_165455_928.jpg\" srcset=\"https:\/\/www.tifm.gob.ve\/\/wp-content\/uploads\/2025\/09\/IMG_20250913_165455_928.jpg 1280w, https:\/\/www.tifm.gob.ve\/\/wp-content\/uploads\/2025\/09\/IMG_20250913_165455_928-300x225.jpg 300w, https:\/\/www.tifm.gob.ve\/\/wp-content\/uploads\/2025\/09\/IMG_20250913_165455_928-768x576.jpg 768w\" sizes=\"auto, (max-width: 1280px) 100vw, 1280px\" \/><\/figure><figcaption class=\"coblocks-gallery--caption coblocks-gallery--primary-caption\"><\/figcaption><\/div><\/div><\/div><button class=\"nav-button__prev\" id=\"12345-prev\"><svg class=\"icon\" style=\"transform:rotate(180deg)\"><\/svg><\/button><button class=\"nav-button__next\" id=\"12345-next\"><svg class=\"icon\"><\/svg><\/button><\/div><\/div><\/div>\n","protected":false},"excerpt":{"rendered":"<p>(Prensa TIFM 13.09.2025).- Desde la Estaci\u00f3n de Vigilancia Costera Los Roques, se desarroll\u00f3 este s\u00e1bado un significativo adiestramiento militar en el marco del \u00abPlan Independencia 200\u00bb, reafirmando el compromiso con la defensa, la soberan\u00eda y la paz de la patria. \u00a0 La jornada cont\u00f3 con la participaci\u00f3n activa de efectivos militares, cuerpos policiales, comunidad organizada [&hellip;]<\/p>\n","protected":false},"author":8,"featured_media":4134,"comment_status":"open","ping_status":"open","sticky":false,"template":"","format":"standard","meta":{"footnotes":""},"categories":[1],"tags":[],"class_list":["post-4129","post","type-post","status-publish","format-standard","has-post-thumbnail","hentry","category-tifm"],"_links":{"self":[{"href":"https:\/\/www.tifm.gob.ve\/index.php?rest_route=\/wp\/v2\/posts\/4129","targetHints":{"allow":["GET"]}}],"collection":[{"href":"https:\/\/www.tifm.gob.ve\/index.php?rest_route=\/wp\/v2\/posts"}],"about":[{"href":"https:\/\/www.tifm.gob.ve\/index.php?rest_route=\/wp\/v2\/types\/post"}],"author":[{"embeddable":true,"href":"https:\/\/www.tifm.gob.ve\/index.php?rest_route=\/wp\/v2\/users\/8"}],"replies":[{"embeddable":true,"href":"https:\/\/www.tifm.gob.ve\/index.php?rest_route=%2Fwp%2Fv2%2Fcomments&post=4129"}],"version-history":[{"count":1,"href":"https:\/\/www.tifm.gob.ve\/index.php?rest_route=\/wp\/v2\/posts\/4129\/revisions"}],"predecessor-version":[{"id":4133,"href":"https:\/\/www.tifm.gob.ve\/index.php?rest_route=\/wp\/v2\/posts\/4129\/revisions\/4133"}],"wp:featuredmedia":[{"embeddable":true,"href":"https:\/\/www.tifm.gob.ve\/index.php?rest_route=\/wp\/v2\/media\/4134"}],"wp:attachment":[{"href":"https:\/\/www.tifm.gob.ve\/index.php?rest_route=%2Fwp%2Fv2%2Fmedia&parent=4129"}],"wp:term":[{"taxonomy":"category","embeddable":true,"href":"https:\/\/www.tifm.gob.ve\/index.php?rest_route=%2Fwp%2Fv2%2Fcategories&post=4129"},{"taxonomy":"post_tag","embeddable":true,"href":"https:\/\/www.tifm.gob.ve\/index.php?rest_route=%2Fwp%2Fv2%2Ftags&post=4129"}],"curies":[{"name":"wp","href":"https:\/\/api.w.org\/{rel}","templated":true}]}}