{"id":4090,"date":"2025-09-08T09:14:43","date_gmt":"2025-09-08T13:14:43","guid":{"rendered":"https:\/\/www.tifm.gob.ve\/?p=4090"},"modified":"2025-09-08T09:14:43","modified_gmt":"2025-09-08T13:14:43","slug":"regata-de-fe-en-honor-a-la-virgen-del-valle","status":"publish","type":"post","link":"https:\/\/www.tifm.gob.ve\/?p=4090","title":{"rendered":"Regata de fe en honor a la Virgen del Valle"},"content":{"rendered":"\n<p>(Prensa TIFM &#8211; 08.09.2025)._ En un acto cargado de fe, tradici\u00f3n y profundo sentido comunitario, el pueblo roque\u00f1o rindi\u00f3 homenaje a la Virgen del Valle con una regata solemne que recorri\u00f3 las aguas cristalinas desde el paradis\u00edaco Cayo Crasqu\u00ed hasta el Gran Roque.<\/p>\n<p>\u00a0<\/p>\n<p>La imagen de la Virgen, patrona de los pescadores y s\u00edmbolo de esperanza para las comunidades costeras, encabez\u00f3 el recorrido sobre una embarcaci\u00f3n especialmente decorada para la ocasi\u00f3n. A su paso, decenas de embarcaciones acompa\u00f1aron el trayecto, remando con devoci\u00f3n y alegr\u00eda, mientras los presentes entonaban c\u00e1nticos y oraciones en su honor.<\/p>\n<p>\u00a0<\/p>\n<p>Cada ola fue testigo del fervor de un pueblo que, a\u00f1o tras a\u00f1o, reafirma su fe y su identidad a trav\u00e9s de esta manifestaci\u00f3n espiritual. La regata no solo representa un tributo religioso, sino tambi\u00e9n un gesto de unidad que fortalece los lazos entre los habitantes del Territorio Insular Francisco de Miranda.<\/p>\n<p>\u00a0<\/p>\n<p>Estas iniciativas son impulsadas con orgullo por el Gobierno del Territorio Insular Francisco de Miranda, como parte de su compromiso con la preservaci\u00f3n de las tradiciones culturales y religiosas que definen la esencia de nuestras islas. El respaldo institucional permite que eventos como este se consoliden como patrimonio vivo, promoviendo el turismo espiritual y el encuentro comunitario.<\/p>\n<p>\u00a0<\/p>\n<p>La Virgen del Valle, como cada a\u00f1o, naveg\u00f3 junto a su pueblo. Y en cada remo, en cada canto, en cada mirada al horizonte, se sinti\u00f3 su bendici\u00f3n.<\/p>\n\n\n\n<div aria-label=\"Carousel Gallery\" class=\"wp-block-coblocks-gallery-carousel alignfull\"><div class=\"coblocks-gallery-carousel-swiper-container is-cropped coblocks-gallery has-caption-style-dark has-horizontal-gutter has-no-thumbnails\"><div class=\"has-carousel has-carousel-lrg swiper-container\" data-swiper=\"{&quot;alignCells&quot;:false,&quot;autoPlay&quot;:true,&quot;autoPlaySpeed&quot;:3000,&quot;draggable&quot;:false,&quot;freeMode&quot;:false,&quot;loop&quot;:false,&quot;navigation&quot;:true,&quot;pageDots&quot;:false,&quot;pauseHover&quot;:false,&quot;responsiveHeight&quot;:false,&quot;slidesPerView&quot;:2,&quot;thumbnails&quot;:false,&quot;uuid&quot;:&quot;12345&quot;}\" style=\"height:400px\"><div class=\"swiper-wrapper\"><div class=\"swiper-slide\"><div class=\"coblocks-gallery--item\" role=\"button\" tabindex=\"0\"><figure class=\"coblocks-gallery--figure has-margin-left-5 has-margin-left-mobile-5 has-margin-right-5 has-margin-right-mobile-5\"><img loading=\"lazy\" decoding=\"async\" width=\"1280\" height=\"960\" alt=\"\" class=\"wp-image-4091\" data-id=\"4091\" data-link=\"https:\/\/www.tifm.gob.ve\/?attachment_id=4091\" src=\"https:\/\/www.tifm.gob.ve\/\/wp-content\/uploads\/2025\/09\/IMG_20250908_091239_552.jpg\" srcset=\"https:\/\/www.tifm.gob.ve\/\/wp-content\/uploads\/2025\/09\/IMG_20250908_091239_552.jpg 1280w, https:\/\/www.tifm.gob.ve\/\/wp-content\/uploads\/2025\/09\/IMG_20250908_091239_552-300x225.jpg 300w, https:\/\/www.tifm.gob.ve\/\/wp-content\/uploads\/2025\/09\/IMG_20250908_091239_552-768x576.jpg 768w\" sizes=\"auto, (max-width: 1280px) 100vw, 1280px\" \/><\/figure><figcaption class=\"coblocks-gallery--caption coblocks-gallery--primary-caption\"><\/figcaption><\/div><\/div><div class=\"swiper-slide\"><div class=\"coblocks-gallery--item\" role=\"button\" tabindex=\"1\"><figure class=\"coblocks-gallery--figure has-margin-left-5 has-margin-left-mobile-5 has-margin-right-5 has-margin-right-mobile-5\"><img loading=\"lazy\" decoding=\"async\" width=\"1280\" height=\"960\" alt=\"\" class=\"wp-image-4092\" data-id=\"4092\" data-link=\"https:\/\/www.tifm.gob.ve\/?attachment_id=4092\" src=\"https:\/\/www.tifm.gob.ve\/\/wp-content\/uploads\/2025\/09\/IMG_20250908_091234_732.jpg\" srcset=\"https:\/\/www.tifm.gob.ve\/\/wp-content\/uploads\/2025\/09\/IMG_20250908_091234_732.jpg 1280w, https:\/\/www.tifm.gob.ve\/\/wp-content\/uploads\/2025\/09\/IMG_20250908_091234_732-300x225.jpg 300w, https:\/\/www.tifm.gob.ve\/\/wp-content\/uploads\/2025\/09\/IMG_20250908_091234_732-768x576.jpg 768w\" sizes=\"auto, (max-width: 1280px) 100vw, 1280px\" \/><\/figure><figcaption class=\"coblocks-gallery--caption coblocks-gallery--primary-caption\"><\/figcaption><\/div><\/div><div class=\"swiper-slide\"><div class=\"coblocks-gallery--item\" role=\"button\" tabindex=\"2\"><figure class=\"coblocks-gallery--figure has-margin-left-5 has-margin-left-mobile-5 has-margin-right-5 has-margin-right-mobile-5\"><img loading=\"lazy\" decoding=\"async\" width=\"1280\" height=\"960\" alt=\"\" class=\"wp-image-4093\" data-id=\"4093\" data-link=\"https:\/\/www.tifm.gob.ve\/?attachment_id=4093\" src=\"https:\/\/www.tifm.gob.ve\/\/wp-content\/uploads\/2025\/09\/IMG_20250908_091228_251.jpg\" srcset=\"https:\/\/www.tifm.gob.ve\/\/wp-content\/uploads\/2025\/09\/IMG_20250908_091228_251.jpg 1280w, https:\/\/www.tifm.gob.ve\/\/wp-content\/uploads\/2025\/09\/IMG_20250908_091228_251-300x225.jpg 300w, https:\/\/www.tifm.gob.ve\/\/wp-content\/uploads\/2025\/09\/IMG_20250908_091228_251-768x576.jpg 768w\" sizes=\"auto, (max-width: 1280px) 100vw, 1280px\" \/><\/figure><figcaption class=\"coblocks-gallery--caption coblocks-gallery--primary-caption\"><\/figcaption><\/div><\/div><div class=\"swiper-slide\"><div class=\"coblocks-gallery--item\" role=\"button\" tabindex=\"3\"><figure class=\"coblocks-gallery--figure has-margin-left-5 has-margin-left-mobile-5 has-margin-right-5 has-margin-right-mobile-5\"><img loading=\"lazy\" decoding=\"async\" width=\"1280\" height=\"960\" alt=\"\" class=\"wp-image-4094\" data-id=\"4094\" data-link=\"https:\/\/www.tifm.gob.ve\/?attachment_id=4094\" src=\"https:\/\/www.tifm.gob.ve\/\/wp-content\/uploads\/2025\/09\/IMG_20250908_091220_672.jpg\" srcset=\"https:\/\/www.tifm.gob.ve\/\/wp-content\/uploads\/2025\/09\/IMG_20250908_091220_672.jpg 1280w, https:\/\/www.tifm.gob.ve\/\/wp-content\/uploads\/2025\/09\/IMG_20250908_091220_672-300x225.jpg 300w, https:\/\/www.tifm.gob.ve\/\/wp-content\/uploads\/2025\/09\/IMG_20250908_091220_672-768x576.jpg 768w\" sizes=\"auto, (max-width: 1280px) 100vw, 1280px\" \/><\/figure><figcaption class=\"coblocks-gallery--caption coblocks-gallery--primary-caption\"><\/figcaption><\/div><\/div><div class=\"swiper-slide\"><div class=\"coblocks-gallery--item\" role=\"button\" tabindex=\"4\"><figure class=\"coblocks-gallery--figure has-margin-left-5 has-margin-left-mobile-5 has-margin-right-5 has-margin-right-mobile-5\"><img loading=\"lazy\" decoding=\"async\" width=\"1280\" height=\"960\" alt=\"\" class=\"wp-image-4095\" data-id=\"4095\" data-link=\"https:\/\/www.tifm.gob.ve\/?attachment_id=4095\" src=\"https:\/\/www.tifm.gob.ve\/\/wp-content\/uploads\/2025\/09\/IMG_20250908_091209_859.jpg\" srcset=\"https:\/\/www.tifm.gob.ve\/\/wp-content\/uploads\/2025\/09\/IMG_20250908_091209_859.jpg 1280w, https:\/\/www.tifm.gob.ve\/\/wp-content\/uploads\/2025\/09\/IMG_20250908_091209_859-300x225.jpg 300w, https:\/\/www.tifm.gob.ve\/\/wp-content\/uploads\/2025\/09\/IMG_20250908_091209_859-768x576.jpg 768w\" sizes=\"auto, (max-width: 1280px) 100vw, 1280px\" \/><\/figure><figcaption class=\"coblocks-gallery--caption coblocks-gallery--primary-caption\"><\/figcaption><\/div><\/div><\/div><button class=\"nav-button__prev\" id=\"12345-prev\"><svg class=\"icon\" style=\"transform:rotate(180deg)\"><\/svg><\/button><button class=\"nav-button__next\" id=\"12345-next\"><svg class=\"icon\"><\/svg><\/button><\/div><\/div><\/div>\n","protected":false},"excerpt":{"rendered":"<p>(Prensa TIFM &#8211; 08.09.2025)._ En un acto cargado de fe, tradici\u00f3n y profundo sentido comunitario, el pueblo roque\u00f1o rindi\u00f3 homenaje a la Virgen del Valle con una regata solemne que recorri\u00f3 las aguas cristalinas desde el paradis\u00edaco Cayo Crasqu\u00ed hasta el Gran Roque. \u00a0 La imagen de la Virgen, patrona de los pescadores y s\u00edmbolo [&hellip;]<\/p>\n","protected":false},"author":8,"featured_media":4091,"comment_status":"open","ping_status":"open","sticky":false,"template":"","format":"standard","meta":{"footnotes":""},"categories":[4],"tags":[],"class_list":["post-4090","post","type-post","status-publish","format-standard","has-post-thumbnail","hentry","category-cultura"],"_links":{"self":[{"href":"https:\/\/www.tifm.gob.ve\/index.php?rest_route=\/wp\/v2\/posts\/4090","targetHints":{"allow":["GET"]}}],"collection":[{"href":"https:\/\/www.tifm.gob.ve\/index.php?rest_route=\/wp\/v2\/posts"}],"about":[{"href":"https:\/\/www.tifm.gob.ve\/index.php?rest_route=\/wp\/v2\/types\/post"}],"author":[{"embeddable":true,"href":"https:\/\/www.tifm.gob.ve\/index.php?rest_route=\/wp\/v2\/users\/8"}],"replies":[{"embeddable":true,"href":"https:\/\/www.tifm.gob.ve\/index.php?rest_route=%2Fwp%2Fv2%2Fcomments&post=4090"}],"version-history":[{"count":1,"href":"https:\/\/www.tifm.gob.ve\/index.php?rest_route=\/wp\/v2\/posts\/4090\/revisions"}],"predecessor-version":[{"id":4096,"href":"https:\/\/www.tifm.gob.ve\/index.php?rest_route=\/wp\/v2\/posts\/4090\/revisions\/4096"}],"wp:featuredmedia":[{"embeddable":true,"href":"https:\/\/www.tifm.gob.ve\/index.php?rest_route=\/wp\/v2\/media\/4091"}],"wp:attachment":[{"href":"https:\/\/www.tifm.gob.ve\/index.php?rest_route=%2Fwp%2Fv2%2Fmedia&parent=4090"}],"wp:term":[{"taxonomy":"category","embeddable":true,"href":"https:\/\/www.tifm.gob.ve\/index.php?rest_route=%2Fwp%2Fv2%2Fcategories&post=4090"},{"taxonomy":"post_tag","embeddable":true,"href":"https:\/\/www.tifm.gob.ve\/index.php?rest_route=%2Fwp%2Fv2%2Ftags&post=4090"}],"curies":[{"name":"wp","href":"https:\/\/api.w.org\/{rel}","templated":true}]}}