{"id":3441,"date":"2025-02-10T16:02:11","date_gmt":"2025-02-10T20:02:11","guid":{"rendered":"https:\/\/www.tifm.gob.ve\/?p=3441"},"modified":"2025-02-12T08:22:37","modified_gmt":"2025-02-12T12:22:37","slug":"taller-de-pausa-activa-promoviendo-la-salud-integral-de-los-trabajadores-del-tifm","status":"publish","type":"post","link":"https:\/\/www.tifm.gob.ve\/?p=3441","title":{"rendered":"Taller de Pausa Activa: Promoviendo la Salud Integral de los Trabajadores del TIFM"},"content":{"rendered":"\n<p style=\"text-align: justify;\">El Gobierno del Territorio Insular Francisco de Miranda, a trav\u00e9s de la Secretar\u00eda de Deporte, organiz\u00f3 un enriquecedor taller de pausa activa para los trabajadores del TIFM, en un esfuerzo por fomentar la salud f\u00edsica y mental de todos los participantes.<\/p>\n\n\n\n<p style=\"text-align: justify;\">El evento, que tuvo lugar en las instalaciones del TIFM, fue liderado por la Lic. Yamileth Herrera, junto con las instructoras Lic. Francis Ram\u00edrez y Elizabeth Barreto, representantes del Viceministerio de Asuntos para la Paz. Durante la actividad, se abordaron t\u00e9cnicas de pausa activa que permiten a los trabajadores desconectar de la rutina diaria, fomentando una atm\u00f3sfera de colaboraci\u00f3n y tranquilidad.<\/p>\n\n\n\n<p style=\"text-align: justify;\">La Lic. Yamileth Herrera enfatiz\u00f3 c\u00f3mo la pr\u00e1ctica regular de actividad f\u00edsica no solo mejora la salud f\u00edsica, sino que tambi\u00e9n es fundamental para mantener una buena salud mental. Por su parte, las instructoras Ram\u00edrez y Barreto guiaron a los participantes en din\u00e1micas interactivas que incluyeron ejercicios sencillos y efectivos, adaptados a las necesidades de cada trabajador.<\/p>\n\n\n\n<p style=\"text-align: justify;\">Los asistentes al taller expresaron su agradecimiento por la iniciativa, se\u00f1alando que estas actividades no solo contribuyen a su bienestar f\u00edsico, sino que tambi\u00e9n les permiten conectar con sus compa\u00f1eros de trabajo en un ambiente m\u00e1s distendido y amigable.<\/p>\n\n\n\n<p style=\"text-align: justify;\">La Secretar\u00eda de Deporte reafirma su compromiso con el bienestar de los empleados del TIFM y continuar\u00e1 implementando acciones que prioricen la salud integral de todos los trabajadores. Este taller es solo el comienzo de una serie de actividades que se llevar\u00e1n a cabo en el futuro, con el fin de seguir promoviendo un estilo de vida activo y saludable entre todos los compa\u00f1eros de labores.<\/p>\n\n\n\n<p style=\"text-align: justify;\">El Territorio Insular Francisco de Miranda contin\u00faa trabajando por un futuro saludable y en paz.<\/p>\n\n\n\n<figure class=\"wp-block-gallery has-nested-images columns-default is-cropped wp-block-gallery-1 is-layout-flex wp-block-gallery-is-layout-flex\">\n<figure class=\"wp-block-image size-large\"><img loading=\"lazy\" decoding=\"async\" width=\"1080\" height=\"810\" data-id=\"3442\" src=\"https:\/\/www.tifm.gob.ve\/\/wp-content\/uploads\/2025\/02\/WhatsApp-Image-2025-02-10-at-4.01.27-PM.jpeg\" alt=\"\" class=\"wp-image-3442\" srcset=\"https:\/\/www.tifm.gob.ve\/\/wp-content\/uploads\/2025\/02\/WhatsApp-Image-2025-02-10-at-4.01.27-PM.jpeg 1080w, https:\/\/www.tifm.gob.ve\/\/wp-content\/uploads\/2025\/02\/WhatsApp-Image-2025-02-10-at-4.01.27-PM-300x225.jpeg 300w, https:\/\/www.tifm.gob.ve\/\/wp-content\/uploads\/2025\/02\/WhatsApp-Image-2025-02-10-at-4.01.27-PM-768x576.jpeg 768w\" sizes=\"auto, (max-width: 1080px) 100vw, 1080px\" \/><\/figure>\n\n\n\n<figure class=\"wp-block-image size-large\"><img loading=\"lazy\" decoding=\"async\" width=\"1080\" height=\"810\" data-id=\"3443\" src=\"https:\/\/www.tifm.gob.ve\/\/wp-content\/uploads\/2025\/02\/WhatsApp-Image-2025-02-10-at-4.01.25-PM.jpeg\" alt=\"\" class=\"wp-image-3443\" srcset=\"https:\/\/www.tifm.gob.ve\/\/wp-content\/uploads\/2025\/02\/WhatsApp-Image-2025-02-10-at-4.01.25-PM.jpeg 1080w, https:\/\/www.tifm.gob.ve\/\/wp-content\/uploads\/2025\/02\/WhatsApp-Image-2025-02-10-at-4.01.25-PM-300x225.jpeg 300w, https:\/\/www.tifm.gob.ve\/\/wp-content\/uploads\/2025\/02\/WhatsApp-Image-2025-02-10-at-4.01.25-PM-768x576.jpeg 768w\" sizes=\"auto, (max-width: 1080px) 100vw, 1080px\" \/><\/figure>\n\n\n\n<figure class=\"wp-block-image size-large\"><img loading=\"lazy\" decoding=\"async\" width=\"1080\" height=\"810\" data-id=\"3445\" src=\"https:\/\/www.tifm.gob.ve\/\/wp-content\/uploads\/2025\/02\/WhatsApp-Image-2025-02-10-at-4.01.23-PM.jpeg\" alt=\"\" class=\"wp-image-3445\" srcset=\"https:\/\/www.tifm.gob.ve\/\/wp-content\/uploads\/2025\/02\/WhatsApp-Image-2025-02-10-at-4.01.23-PM.jpeg 1080w, https:\/\/www.tifm.gob.ve\/\/wp-content\/uploads\/2025\/02\/WhatsApp-Image-2025-02-10-at-4.01.23-PM-300x225.jpeg 300w, https:\/\/www.tifm.gob.ve\/\/wp-content\/uploads\/2025\/02\/WhatsApp-Image-2025-02-10-at-4.01.23-PM-768x576.jpeg 768w\" sizes=\"auto, (max-width: 1080px) 100vw, 1080px\" \/><\/figure>\n<\/figure>\n\n\n","protected":false},"excerpt":{"rendered":"<p>El Gobierno del Territorio Insular Francisco de Miranda, a trav\u00e9s de la Secretar\u00eda de Deporte, organiz\u00f3 un enriquecedor taller de pausa activa para los trabajadores del TIFM, en un esfuerzo por fomentar la salud f\u00edsica y mental de todos los participantes. El evento, que tuvo lugar en las instalaciones del TIFM, fue liderado por la [&hellip;]<\/p>\n","protected":false},"author":7,"featured_media":3444,"comment_status":"open","ping_status":"open","sticky":false,"template":"","format":"standard","meta":{"footnotes":""},"categories":[1],"tags":[],"class_list":["post-3441","post","type-post","status-publish","format-standard","has-post-thumbnail","hentry","category-tifm"],"_links":{"self":[{"href":"https:\/\/www.tifm.gob.ve\/index.php?rest_route=\/wp\/v2\/posts\/3441","targetHints":{"allow":["GET"]}}],"collection":[{"href":"https:\/\/www.tifm.gob.ve\/index.php?rest_route=\/wp\/v2\/posts"}],"about":[{"href":"https:\/\/www.tifm.gob.ve\/index.php?rest_route=\/wp\/v2\/types\/post"}],"author":[{"embeddable":true,"href":"https:\/\/www.tifm.gob.ve\/index.php?rest_route=\/wp\/v2\/users\/7"}],"replies":[{"embeddable":true,"href":"https:\/\/www.tifm.gob.ve\/index.php?rest_route=%2Fwp%2Fv2%2Fcomments&post=3441"}],"version-history":[{"count":2,"href":"https:\/\/www.tifm.gob.ve\/index.php?rest_route=\/wp\/v2\/posts\/3441\/revisions"}],"predecessor-version":[{"id":3450,"href":"https:\/\/www.tifm.gob.ve\/index.php?rest_route=\/wp\/v2\/posts\/3441\/revisions\/3450"}],"wp:featuredmedia":[{"embeddable":true,"href":"https:\/\/www.tifm.gob.ve\/index.php?rest_route=\/wp\/v2\/media\/3444"}],"wp:attachment":[{"href":"https:\/\/www.tifm.gob.ve\/index.php?rest_route=%2Fwp%2Fv2%2Fmedia&parent=3441"}],"wp:term":[{"taxonomy":"category","embeddable":true,"href":"https:\/\/www.tifm.gob.ve\/index.php?rest_route=%2Fwp%2Fv2%2Fcategories&post=3441"},{"taxonomy":"post_tag","embeddable":true,"href":"https:\/\/www.tifm.gob.ve\/index.php?rest_route=%2Fwp%2Fv2%2Ftags&post=3441"}],"curies":[{"name":"wp","href":"https:\/\/api.w.org\/{rel}","templated":true}]}}