{"id":3374,"date":"2025-01-30T09:01:11","date_gmt":"2025-01-30T13:01:11","guid":{"rendered":"https:\/\/www.tifm.gob.ve\/?p=3374"},"modified":"2025-02-12T08:23:17","modified_gmt":"2025-02-12T12:23:17","slug":"dia-escolar-de-la-no-violencia-y-la-paz-en-venezuela-un-compromiso-con-el-futuro","status":"publish","type":"post","link":"https:\/\/www.tifm.gob.ve\/?p=3374","title":{"rendered":"D\u00eda Escolar de la No Violencia y la Paz en Venezuela: Un Compromiso con el Futuro"},"content":{"rendered":"\n<p style=\"text-align: justify;\">El D\u00eda Escolar de la No Violencia y la Paz se celebra el 30 de enero de cada a\u00f1o, en conmemoraci\u00f3n por el fallecimiento del l\u00edder pacifista Mahatma Gandhi. Este d\u00eda fue instaurado en 1964 por el poeta y pacifista espa\u00f1ol Lloren\u00e7 Vidal, con el objetivo de fomentar en las escuelas y centros educativos valores como la paz, la tolerancia, la solidaridad y el respeto. En un mundo donde los conflictos y la violencia siguen siendo una realidad cotidiana, esta celebraci\u00f3n cobra especial relevancia.<\/p>\n\n\n\n<p style=\"text-align: justify;\">Durante este d\u00eda, las instituciones educativas organizan diversas actividades que promueven la reflexi\u00f3n sobre la importancia de resolver los conflictos de manera pac\u00edfica. Los estudiantes participan en talleres, charlas y debates, donde se les invita a expresar sus ideas sobre la paz y la no violencia. En lugares como Caracas, Maracaibo y M\u00e9rida, se han organizado talleres, charlas y actividades recreativas que alientan a los estudiantes a convertirse en embajadores de la paz en sus comunidades.<\/p>\n\n\n\n<p style=\"text-align: justify;\">Un aspecto fundamental del D\u00eda Escolar de la No Violencia y la Paz es la educaci\u00f3n en valores. Se busca que los j\u00f3venes comprendan la necesidad de la empat\u00eda, el di\u00e1logo y la cooperaci\u00f3n en la resoluci\u00f3n de problemas. Fomentar estas habilidades no solo contribuye a la creaci\u00f3n de un ambiente escolar armonioso, sino que tambi\u00e9n prepara a los futuros ciudadanos para enfrentar los desaf\u00edos de una sociedad diversa y compleja.<\/p>\n\n\n\n<p style=\"text-align: justify;\">Cada acci\u00f3n peque\u00f1a cuenta, y cada estudiante puede ser un agente de cambio en su entorno. Al sembrar las semillas de la paz en las generaciones m\u00e1s j\u00f3venes, estamos construyendo un futuro m\u00e1s esperanzador para todos.<\/p>\n\n\n\n<p style=\"text-align: justify;\">En este D\u00eda Escolar de la No Violencia y la Paz, el Territorio Insular Francisco de Miranda se une en un compromiso colectivo: sembrar semillas de respeto y comprensi\u00f3n, cultivando un futuro donde la paz florezca en cada rinc\u00f3n de nuestra comunidad.<\/p>\n\n\n","protected":false},"excerpt":{"rendered":"<p>El D\u00eda Escolar de la No Violencia y la Paz se celebra el 30 de enero de cada a\u00f1o, en conmemoraci\u00f3n por el fallecimiento del l\u00edder pacifista Mahatma Gandhi. Este d\u00eda fue instaurado en 1964 por el poeta y pacifista espa\u00f1ol Lloren\u00e7 Vidal, con el objetivo de fomentar en las escuelas y centros educativos valores [&hellip;]<\/p>\n","protected":false},"author":7,"featured_media":3378,"comment_status":"open","ping_status":"open","sticky":false,"template":"","format":"standard","meta":{"footnotes":""},"categories":[119],"tags":[],"class_list":["post-3374","post","type-post","status-publish","format-standard","has-post-thumbnail","hentry","category-dia-de"],"_links":{"self":[{"href":"https:\/\/www.tifm.gob.ve\/index.php?rest_route=\/wp\/v2\/posts\/3374","targetHints":{"allow":["GET"]}}],"collection":[{"href":"https:\/\/www.tifm.gob.ve\/index.php?rest_route=\/wp\/v2\/posts"}],"about":[{"href":"https:\/\/www.tifm.gob.ve\/index.php?rest_route=\/wp\/v2\/types\/post"}],"author":[{"embeddable":true,"href":"https:\/\/www.tifm.gob.ve\/index.php?rest_route=\/wp\/v2\/users\/7"}],"replies":[{"embeddable":true,"href":"https:\/\/www.tifm.gob.ve\/index.php?rest_route=%2Fwp%2Fv2%2Fcomments&post=3374"}],"version-history":[{"count":2,"href":"https:\/\/www.tifm.gob.ve\/index.php?rest_route=\/wp\/v2\/posts\/3374\/revisions"}],"predecessor-version":[{"id":3453,"href":"https:\/\/www.tifm.gob.ve\/index.php?rest_route=\/wp\/v2\/posts\/3374\/revisions\/3453"}],"wp:featuredmedia":[{"embeddable":true,"href":"https:\/\/www.tifm.gob.ve\/index.php?rest_route=\/wp\/v2\/media\/3378"}],"wp:attachment":[{"href":"https:\/\/www.tifm.gob.ve\/index.php?rest_route=%2Fwp%2Fv2%2Fmedia&parent=3374"}],"wp:term":[{"taxonomy":"category","embeddable":true,"href":"https:\/\/www.tifm.gob.ve\/index.php?rest_route=%2Fwp%2Fv2%2Fcategories&post=3374"},{"taxonomy":"post_tag","embeddable":true,"href":"https:\/\/www.tifm.gob.ve\/index.php?rest_route=%2Fwp%2Fv2%2Ftags&post=3374"}],"curies":[{"name":"wp","href":"https:\/\/api.w.org\/{rel}","templated":true}]}}