{"id":3307,"date":"2025-01-23T12:02:37","date_gmt":"2025-01-23T16:02:37","guid":{"rendered":"https:\/\/www.tifm.gob.ve\/?p=3307"},"modified":"2025-01-23T12:48:31","modified_gmt":"2025-01-23T16:48:31","slug":"el-psuv-se-moviliza-en-caracas-en-conmemoracion-del-23-de-enero","status":"publish","type":"post","link":"https:\/\/www.tifm.gob.ve\/?p=3307","title":{"rendered":"Pueblo venezolano se moviliza en Caracas por conmemoraci\u00f3n del 23 de enero."},"content":{"rendered":"\n\n\n<p style=\"text-align: justify;\">En el marco de la conmemoraci\u00f3n del 23 de enero, el pueblo venezolano se moviliza por Caracas. Esta marcha, que rinde homenaje a la historia reciente del pa\u00eds y expresa apoyo al presidente Nicol\u00e1s Maduro, no es simplemente un evento pol\u00edtico, sino una reafirmaci\u00f3n del compromiso con los ideales de soberan\u00eda y justicia.\u2028<\/p>\n<p style=\"text-align: justify;\">Diosdado Cabello, l\u00edder emblem\u00e1tico del partido, ha dejado claro en su discurso que el 23 de enero tiene un profundo significado. Se trata de recordar \u00abla \u00faltima traici\u00f3n a nuestro pueblo\u00bb, aludiendo a los sucesos de 1958 y el pacto de Punto Fijo, que para muchos simboliza el despojo de las luchas y aspiraciones del pueblo venezolano. Su llamado a la resistencia resuena con fuerza, instando a todos los presentes a no permitir que la historia se repita.\u2028<\/p>\n<p style=\"text-align: justify;\">La atm\u00f3sfera de la marcha esta impregnada de una mezcla de determinaci\u00f3n y esperanza. Cada pancarta que se levanta y cada c\u00e1ntico que resuena son testimonio del deseo colectivo de construir un futuro m\u00e1s justo y equitativo. Este evento emerge como un faro de unidad, lleno de convicci\u00f3n y pasi\u00f3n.\u2028<\/p>\n<p style=\"text-align: justify;\">Es vital recordar que la lucha por la justicia social no se detiene en un solo d\u00eda; al contrario, esta jornada es un punto de partida para revitalizar el compromiso con aquellos que han luchado antes. El PSUV, invita a todos a reflexionar sobre el verdadero significado de la unidad popular y la importancia de defender lo que se ha logrado, as\u00ed como lo que a\u00fan est\u00e1 por venir.\u2028<\/p>\n<p style=\"text-align: justify;\">La marcha es una celebraci\u00f3n de la resistencia y un renovado llamado a la acci\u00f3n para seguir construyendo la Venezuela que todos merecen. \u00a1No dejemos que sus sue\u00f1os sean solo historias del pasado!<\/p>\n\n\n\n\n\n<figure class=\"wp-block-gallery has-nested-images columns-default is-cropped wp-block-gallery-1 is-layout-flex wp-block-gallery-is-layout-flex\">\n<figure class=\"wp-block-image size-large\"><img loading=\"lazy\" decoding=\"async\" width=\"1199\" height=\"674\" data-id=\"3309\" src=\"https:\/\/www.tifm.gob.ve\/wp-content\/uploads\/2025\/01\/bb-1.jpg\" alt=\"\" class=\"wp-image-3309\" srcset=\"https:\/\/www.tifm.gob.ve\/\/wp-content\/uploads\/2025\/01\/bb-1.jpg 1199w, https:\/\/www.tifm.gob.ve\/\/wp-content\/uploads\/2025\/01\/bb-1-300x169.jpg 300w, https:\/\/www.tifm.gob.ve\/\/wp-content\/uploads\/2025\/01\/bb-1-768x432.jpg 768w\" sizes=\"auto, (max-width: 1199px) 100vw, 1199px\" \/><\/figure>\n\n\n\n<figure class=\"wp-block-image size-large\"><img loading=\"lazy\" decoding=\"async\" width=\"1068\" height=\"600\" data-id=\"3311\" src=\"https:\/\/www.tifm.gob.ve\/wp-content\/uploads\/2025\/01\/cx.jpg\" alt=\"\" class=\"wp-image-3311\" srcset=\"https:\/\/www.tifm.gob.ve\/\/wp-content\/uploads\/2025\/01\/cx.jpg 1068w, https:\/\/www.tifm.gob.ve\/\/wp-content\/uploads\/2025\/01\/cx-300x169.jpg 300w, https:\/\/www.tifm.gob.ve\/\/wp-content\/uploads\/2025\/01\/cx-768x431.jpg 768w\" sizes=\"auto, (max-width: 1068px) 100vw, 1068px\" \/><\/figure>\n\n\n\n<figure class=\"wp-block-image size-large\"><img loading=\"lazy\" decoding=\"async\" width=\"900\" height=\"506\" data-id=\"3310\" src=\"https:\/\/www.tifm.gob.ve\/wp-content\/uploads\/2025\/01\/marcha-oficialista-23-de-enero-de-2024-16787.jpg\" alt=\"\" class=\"wp-image-3310\" srcset=\"https:\/\/www.tifm.gob.ve\/\/wp-content\/uploads\/2025\/01\/marcha-oficialista-23-de-enero-de-2024-16787.jpg 900w, https:\/\/www.tifm.gob.ve\/\/wp-content\/uploads\/2025\/01\/marcha-oficialista-23-de-enero-de-2024-16787-300x169.jpg 300w, https:\/\/www.tifm.gob.ve\/\/wp-content\/uploads\/2025\/01\/marcha-oficialista-23-de-enero-de-2024-16787-768x432.jpg 768w\" sizes=\"auto, (max-width: 900px) 100vw, 900px\" \/><\/figure>\n<\/figure>\n","protected":false},"excerpt":{"rendered":"<p>En el marco de la conmemoraci\u00f3n del 23 de enero, el pueblo venezolano se moviliza por Caracas. Esta marcha, que rinde homenaje a la historia reciente del pa\u00eds y expresa apoyo al presidente Nicol\u00e1s Maduro, no es simplemente un evento pol\u00edtico, sino una reafirmaci\u00f3n del compromiso con los ideales de soberan\u00eda y justicia.\u2028 Diosdado Cabello, [&hellip;]<\/p>\n","protected":false},"author":7,"featured_media":3308,"comment_status":"open","ping_status":"open","sticky":false,"template":"","format":"standard","meta":{"footnotes":""},"categories":[119,1],"tags":[],"class_list":["post-3307","post","type-post","status-publish","format-standard","has-post-thumbnail","hentry","category-dia-de","category-tifm"],"_links":{"self":[{"href":"https:\/\/www.tifm.gob.ve\/index.php?rest_route=\/wp\/v2\/posts\/3307","targetHints":{"allow":["GET"]}}],"collection":[{"href":"https:\/\/www.tifm.gob.ve\/index.php?rest_route=\/wp\/v2\/posts"}],"about":[{"href":"https:\/\/www.tifm.gob.ve\/index.php?rest_route=\/wp\/v2\/types\/post"}],"author":[{"embeddable":true,"href":"https:\/\/www.tifm.gob.ve\/index.php?rest_route=\/wp\/v2\/users\/7"}],"replies":[{"embeddable":true,"href":"https:\/\/www.tifm.gob.ve\/index.php?rest_route=%2Fwp%2Fv2%2Fcomments&post=3307"}],"version-history":[{"count":3,"href":"https:\/\/www.tifm.gob.ve\/index.php?rest_route=\/wp\/v2\/posts\/3307\/revisions"}],"predecessor-version":[{"id":3315,"href":"https:\/\/www.tifm.gob.ve\/index.php?rest_route=\/wp\/v2\/posts\/3307\/revisions\/3315"}],"wp:featuredmedia":[{"embeddable":true,"href":"https:\/\/www.tifm.gob.ve\/index.php?rest_route=\/wp\/v2\/media\/3308"}],"wp:attachment":[{"href":"https:\/\/www.tifm.gob.ve\/index.php?rest_route=%2Fwp%2Fv2%2Fmedia&parent=3307"}],"wp:term":[{"taxonomy":"category","embeddable":true,"href":"https:\/\/www.tifm.gob.ve\/index.php?rest_route=%2Fwp%2Fv2%2Fcategories&post=3307"},{"taxonomy":"post_tag","embeddable":true,"href":"https:\/\/www.tifm.gob.ve\/index.php?rest_route=%2Fwp%2Fv2%2Ftags&post=3307"}],"curies":[{"name":"wp","href":"https:\/\/api.w.org\/{rel}","templated":true}]}}