{"id":2603,"date":"2024-11-18T11:41:20","date_gmt":"2024-11-18T15:41:20","guid":{"rendered":"https:\/\/www.tifm.gob.ve\/?p=2603"},"modified":"2025-01-03T10:17:25","modified_gmt":"2025-01-03T14:17:25","slug":"mercado-popular-de-los-roques-la-mejor-opcion-para-adquirir-productos-de-calidad-a-precios-accesibles","status":"publish","type":"post","link":"https:\/\/www.tifm.gob.ve\/?p=2603","title":{"rendered":"Mercado popular de los Roques: la mejor opci\u00f3n para adquirir productos de calidad a precios accesibles"},"content":{"rendered":"\n<p>Caracas, 18 de noviembre 2024.- El CA. An\u00edbal Coronado Mill\u00e1n, Jefe de Gobierno del Territorio Insular Francisco de Miranda, en articulaci\u00f3n con la Fundaci\u00f3n de Alimentos Insular Francisco de Miranda (Fundaimir), visibiliza la atenci\u00f3n social a trav\u00e9s del Mercado Popular Los Roques.<\/p>\n\n\n\n<p>Un espacio que cuenta con una gran afluencia de personas que adquieren productos de calidad y a precios accesibles. Y que cuenta con una gran variedad en legumbres, hortalizas y prote\u00ednas.<\/p>\n\n\n\n<p>Uno de los principales atractivos del mercado es su pol\u00edtica de precios accesibles. A diferencia de otros mercados, aqu\u00ed los productos se venden a precios justos, permitiendo que todos los residentes y visitantes puedan disfrutar de productos de calidad sin afectar su presupuesto. Esta accesibilidad ha convertido al Mercado Popular de Los Roques en un punto de referencia para las compras diarias.<\/p>\n\n\n\n<p>Es importante resaltar que las jornadas de venta se desarrollan en un ambiente de orden y tranquilidad, gracias a la colaboraci\u00f3n de los trabajadores del mercado, quienes se preocupan por brindan un servicio de calidad.<\/p>\n\n\n\n<p>Esto demuestra una vez m\u00e1s el impacto positivo en la comunidad, ofreciendo una alternativa confiable y accesible para la adquisici\u00f3n de productos de primera necesidad.<\/p>\n\n\n\n<p>El Gobierno Bolivariano, liderado por el presidente Nicol\u00e1s Maduro Moros, trabaja constantemente por el bienestar de la poblaci\u00f3n roque\u00f1a atendiendo sectores importantes como el sector salud, educaci\u00f3n y alimentaci\u00f3n.<\/p>\n\n\n\n<div id=\"wp-block-themeisle-blocks-slider-d790c84a\" class=\"wp-block-themeisle-blocks-slider glide\" data-per-view=\"1\" data-gap=\"0\" data-peek=\"0\" data-autoplay=\"true\" data-height=\"400px\" data-hide-arrows=\"false\"><div class=\"glide__track\" data-glide-el=\"track\"><div class=\"glide__slides\"><div class=\"wp-block-themeisle-blocks-slider-item-wrapper glide__slide\" tabindex=\"0\"><figure><img decoding=\"async\" class=\"wp-block-themeisle-blocks-slider-item\" src=\"https:\/\/www.tifm.gob.ve\/wp-content\/uploads\/2024\/11\/WhatsApp-Image-2024-11-18-at-11.38.33-AM.jpeg\" alt=\"\" title=\"\" data-id=\"2604\"\/><\/figure><\/div><div class=\"wp-block-themeisle-blocks-slider-item-wrapper glide__slide\" tabindex=\"0\"><figure><img decoding=\"async\" class=\"wp-block-themeisle-blocks-slider-item\" src=\"https:\/\/www.tifm.gob.ve\/wp-content\/uploads\/2024\/11\/WhatsApp-Image-2024-11-18-at-11.40.02-AM.jpeg\" alt=\"\" title=\"\" data-id=\"2607\"\/><\/figure><\/div><div class=\"wp-block-themeisle-blocks-slider-item-wrapper glide__slide\" tabindex=\"0\"><figure><img decoding=\"async\" class=\"wp-block-themeisle-blocks-slider-item\" src=\"https:\/\/www.tifm.gob.ve\/wp-content\/uploads\/2024\/11\/WhatsApp-Image-2024-11-18-at-11.38.34-AM.jpeg\" alt=\"\" title=\"\" data-id=\"2606\"\/><\/figure><\/div><\/div><div class=\"glide__bullets\" data-glide-el=\"controls[nav]\"><button class=\"glide__bullet\" data-glide-dir=\"=0\"><\/button><button class=\"glide__bullet\" data-glide-dir=\"=1\"><\/button><button class=\"glide__bullet\" data-glide-dir=\"=2\"><\/button><\/div><\/div><\/div>\n\n\n","protected":false},"excerpt":{"rendered":"<p>Caracas, 18 de noviembre 2024.- El CA. An\u00edbal Coronado Mill\u00e1n, Jefe de Gobierno del Territorio Insular Francisco de Miranda, en articulaci\u00f3n con la Fundaci\u00f3n de Alimentos Insular Francisco de Miranda (Fundaimir), visibiliza la atenci\u00f3n social a trav\u00e9s del Mercado Popular Los Roques. Un espacio que cuenta con una gran afluencia de personas que adquieren productos [&hellip;]<\/p>\n","protected":false},"author":6,"featured_media":2609,"comment_status":"open","ping_status":"open","sticky":false,"template":"","format":"standard","meta":{"footnotes":""},"categories":[1],"tags":[],"class_list":["post-2603","post","type-post","status-publish","format-standard","has-post-thumbnail","hentry","category-tifm"],"_links":{"self":[{"href":"https:\/\/www.tifm.gob.ve\/index.php?rest_route=\/wp\/v2\/posts\/2603","targetHints":{"allow":["GET"]}}],"collection":[{"href":"https:\/\/www.tifm.gob.ve\/index.php?rest_route=\/wp\/v2\/posts"}],"about":[{"href":"https:\/\/www.tifm.gob.ve\/index.php?rest_route=\/wp\/v2\/types\/post"}],"author":[{"embeddable":true,"href":"https:\/\/www.tifm.gob.ve\/index.php?rest_route=\/wp\/v2\/users\/6"}],"replies":[{"embeddable":true,"href":"https:\/\/www.tifm.gob.ve\/index.php?rest_route=%2Fwp%2Fv2%2Fcomments&post=2603"}],"version-history":[{"count":2,"href":"https:\/\/www.tifm.gob.ve\/index.php?rest_route=\/wp\/v2\/posts\/2603\/revisions"}],"predecessor-version":[{"id":2869,"href":"https:\/\/www.tifm.gob.ve\/index.php?rest_route=\/wp\/v2\/posts\/2603\/revisions\/2869"}],"wp:featuredmedia":[{"embeddable":true,"href":"https:\/\/www.tifm.gob.ve\/index.php?rest_route=\/wp\/v2\/media\/2609"}],"wp:attachment":[{"href":"https:\/\/www.tifm.gob.ve\/index.php?rest_route=%2Fwp%2Fv2%2Fmedia&parent=2603"}],"wp:term":[{"taxonomy":"category","embeddable":true,"href":"https:\/\/www.tifm.gob.ve\/index.php?rest_route=%2Fwp%2Fv2%2Fcategories&post=2603"},{"taxonomy":"post_tag","embeddable":true,"href":"https:\/\/www.tifm.gob.ve\/index.php?rest_route=%2Fwp%2Fv2%2Ftags&post=2603"}],"curies":[{"name":"wp","href":"https:\/\/api.w.org\/{rel}","templated":true}]}}