{"id":2596,"date":"2024-11-18T11:34:03","date_gmt":"2024-11-18T15:34:03","guid":{"rendered":"https:\/\/www.tifm.gob.ve\/?p=2596"},"modified":"2025-01-03T10:26:42","modified_gmt":"2025-01-03T14:26:42","slug":"el-tifm-recibe-la-maquina-930-cat-para-mejorar-el-control-y-limpieza-de-desechos-solidos","status":"publish","type":"post","link":"https:\/\/www.tifm.gob.ve\/?p=2596","title":{"rendered":"El TIFM recibe la m\u00e1quina 930 Cat para mejorar el control y limpieza de desechos s\u00f3lidos"},"content":{"rendered":"\n<div class=\"wp-block-columns is-layout-flex wp-container-core-columns-is-layout-9d6595d7 wp-block-columns-is-layout-flex\">\n<div class=\"wp-block-column is-layout-flow wp-block-column-is-layout-flow\" style=\"flex-basis:100%\"><\/div>\n<\/div>\n\n\n\n<hr class=\"wp-block-separator alignwide has-alpha-channel-opacity is-style-dots\"\/>\n\n\n\n<div class=\"wp-block-columns is-layout-flex wp-container-core-columns-is-layout-9d6595d7 wp-block-columns-is-layout-flex\">\n<div class=\"wp-block-column is-layout-flow wp-block-column-is-layout-flow\" style=\"flex-basis:50%\">\n<div class=\"wp-block-group is-nowrap is-layout-flex wp-container-core-group-is-layout-ad2f72ca wp-block-group-is-layout-flex\">\n<p>Caracas, 18 de noviembre de 2024 \u2013 El CA. Anibal Coronado Mill\u00e1n, Jefe de Gobierno del Territorio Insular Francisco de Miranda, realiz\u00f3 la adquisici\u00f3n de una nueva m\u00e1quina 930 Cat, destinada a optimizar las labores de control y limpieza en el \u00e1rea designada para los desechos s\u00f3lidos.<\/p>\n<\/div>\n\n\n\n<p>La m\u00e1quina 930 Cat, conocida por su alta eficiencia y robustez, permitir\u00e1 al TIFM mejorar significativamente la gesti\u00f3n de residuos, asegurando un entorno m\u00e1s limpio y seguro.<\/p>\n\n\n\n<p>Esta adquisici\u00f3n forma parte del compromiso continuo del TIFM con la sostenibilidad y la mejora de sus procesos operativos.<\/p>\n<\/div>\n\n\n\n<div class=\"wp-block-column is-layout-flow wp-block-column-is-layout-flow\" style=\"flex-basis:50%\">\n<div id=\"wp-block-themeisle-blocks-slider-fef36f13\" class=\"wp-block-themeisle-blocks-slider glide\" data-per-view=\"1\" data-gap=\"0\" data-peek=\"0\" data-autoplay=\"true\" data-height=\"400px\" data-hide-arrows=\"false\"><div class=\"glide__track\" data-glide-el=\"track\"><div class=\"glide__slides\"><div class=\"wp-block-themeisle-blocks-slider-item-wrapper glide__slide\" tabindex=\"0\"><figure><img decoding=\"async\" class=\"wp-block-themeisle-blocks-slider-item\" src=\"https:\/\/www.tifm.gob.ve\/wp-content\/uploads\/2024\/11\/WhatsApp-Image-2024-11-18-at-11.30.42-AM1.jpeg\" alt=\"\" title=\"\" data-id=\"2598\"\/><\/figure><\/div><div class=\"wp-block-themeisle-blocks-slider-item-wrapper glide__slide\" tabindex=\"0\"><figure><img decoding=\"async\" class=\"wp-block-themeisle-blocks-slider-item\" src=\"https:\/\/www.tifm.gob.ve\/wp-content\/uploads\/2024\/11\/WhatsApp-Image-2024-11-18-at-11.30.41-AM.jpeg\" alt=\"\" title=\"\" data-id=\"2600\"\/><\/figure><\/div><div class=\"wp-block-themeisle-blocks-slider-item-wrapper glide__slide\" tabindex=\"0\"><figure><img decoding=\"async\" class=\"wp-block-themeisle-blocks-slider-item\" src=\"https:\/\/www.tifm.gob.ve\/wp-content\/uploads\/2024\/11\/WhatsApp-Image-2024-11-18-at-11.30.41-AM1.jpeg\" alt=\"\" title=\"\" data-id=\"2599\"\/><\/figure><\/div><\/div><div class=\"glide__bullets\" data-glide-el=\"controls[nav]\"><button class=\"glide__bullet\" data-glide-dir=\"=0\"><\/button><button class=\"glide__bullet\" data-glide-dir=\"=1\"><\/button><button class=\"glide__bullet\" data-glide-dir=\"=2\"><\/button><\/div><\/div><\/div>\n<\/div>\n<\/div>\n\n\n\n<p>La 930 Cat es una pala de ruedas peque\u00f1a que destaca por su productividad, eficiencia en el consumo de combustible y comodidad para el operador. Con una capacidad de carga de hasta 5,0 m\u00b3 y un motor de alta potencia, esta m\u00e1quina est\u00e1 dise\u00f1ada para enfrentar los desaf\u00edos m\u00e1s exigentes en los procesos de tratamiento de desechos s\u00f3lidos.<\/p>\n\n\n\n<p>El pueblo roque\u00f1o manifest\u00f3 sentirse muy contento de incorporar la 930 Cat, ya que no solo ayudar\u00e1 a mantener las instalaciones y espacios m\u00e1s limpios, sino que tambi\u00e9n contribuir\u00e1 a la eficiencia general de las operaciones que se desarrollan en la comunidad.<\/p>\n\n\n\n<p>Con esta nueva incorporaci\u00f3n, el TIFM reafirma su compromiso con la excelencia operativa y la protecci\u00f3n del medio ambiente, asegurando que las \u00e1reas de desechos s\u00f3lidos se mantengan bajo control y en \u00f3ptimas condiciones.<\/p>\n\n\n","protected":false},"excerpt":{"rendered":"<p>Caracas, 18 de noviembre de 2024 \u2013 El CA. Anibal Coronado Mill\u00e1n, Jefe de Gobierno del Territorio Insular Francisco de Miranda, realiz\u00f3 la adquisici\u00f3n de una nueva m\u00e1quina 930 Cat, destinada a optimizar las labores de control y limpieza en el \u00e1rea designada para los desechos s\u00f3lidos. La m\u00e1quina 930 Cat, conocida por su alta [&hellip;]<\/p>\n","protected":false},"author":6,"featured_media":2597,"comment_status":"open","ping_status":"open","sticky":false,"template":"","format":"standard","meta":{"footnotes":""},"categories":[1],"tags":[],"class_list":["post-2596","post","type-post","status-publish","format-standard","has-post-thumbnail","hentry","category-tifm"],"_links":{"self":[{"href":"https:\/\/www.tifm.gob.ve\/index.php?rest_route=\/wp\/v2\/posts\/2596","targetHints":{"allow":["GET"]}}],"collection":[{"href":"https:\/\/www.tifm.gob.ve\/index.php?rest_route=\/wp\/v2\/posts"}],"about":[{"href":"https:\/\/www.tifm.gob.ve\/index.php?rest_route=\/wp\/v2\/types\/post"}],"author":[{"embeddable":true,"href":"https:\/\/www.tifm.gob.ve\/index.php?rest_route=\/wp\/v2\/users\/6"}],"replies":[{"embeddable":true,"href":"https:\/\/www.tifm.gob.ve\/index.php?rest_route=%2Fwp%2Fv2%2Fcomments&post=2596"}],"version-history":[{"count":8,"href":"https:\/\/www.tifm.gob.ve\/index.php?rest_route=\/wp\/v2\/posts\/2596\/revisions"}],"predecessor-version":[{"id":2879,"href":"https:\/\/www.tifm.gob.ve\/index.php?rest_route=\/wp\/v2\/posts\/2596\/revisions\/2879"}],"wp:featuredmedia":[{"embeddable":true,"href":"https:\/\/www.tifm.gob.ve\/index.php?rest_route=\/wp\/v2\/media\/2597"}],"wp:attachment":[{"href":"https:\/\/www.tifm.gob.ve\/index.php?rest_route=%2Fwp%2Fv2%2Fmedia&parent=2596"}],"wp:term":[{"taxonomy":"category","embeddable":true,"href":"https:\/\/www.tifm.gob.ve\/index.php?rest_route=%2Fwp%2Fv2%2Fcategories&post=2596"},{"taxonomy":"post_tag","embeddable":true,"href":"https:\/\/www.tifm.gob.ve\/index.php?rest_route=%2Fwp%2Fv2%2Ftags&post=2596"}],"curies":[{"name":"wp","href":"https:\/\/api.w.org\/{rel}","templated":true}]}}